{"id":422457,"date":"2025-09-27T23:06:31","date_gmt":"2025-09-27T23:06:31","guid":{"rendered":"https:\/\/www.europesays.com\/fr\/422457\/"},"modified":"2025-09-27T23:06:31","modified_gmt":"2025-09-27T23:06:31","slug":"super-xiii-villeneuve-entame-la-saison-en-faisant-tomber-saint-esteve-xiii-catalan-rugby-a-xiii","status":"publish","type":"post","link":"https:\/\/www.europesays.com\/fr\/422457\/","title":{"rendered":"Super XIII &#8211; Villeneuve entame la saison en faisant tomber Saint-Est\u00e8ve XIII Catalan &#8211; Rugby \u00e0 XIII"},"content":{"rendered":"<p style=\"text-align: justify;\"><strong>Villeneuve a r\u00e9ussi son entr\u00e9e dans cette nouvelle saison de Super XIII en s\u2019imposant contre Saint-Est\u00e8ve XIII Catalan (32-22).<\/strong><\/p>\n<p style=\"text-align: justify;\">Il ne fallait pas arriver en retard dans la revanche du barrage de Super XIII de la saison derni\u00e8re, o\u00f9 Villeneuve avait surpris les Catalans. En profitant d\u2019une grosse charge de Robin Hugues, le talonneur catalan, Valentin Fernandez, commence rapidement avec un essai de pur talonneur, transform\u00e9 par le nouveau buteur catalan, Alan Baby, (3\u2032 0-6).<\/p>\n<p style=\"text-align: justify;\">La r\u00e9volte ne tarde pas \u00e0 \u00eatre sonn\u00e9e par les L\u00e9opards. Pour leur retour dans leur stade Max Rousi\u00e9, qui d\u2019autre que le capitaine, Jo Wambergue, pour marquer le premier essai, et Thomas Lasvenes ajoute les deux points, (7\u2032 6-6).<\/p>\n<p style=\"text-align: justify;\">Avec une nouvelle excursion des hommes de Constant Villegas dans le camp catalan, le buteur en profite pour passer devant score, (13\u2032 8-6). Les Villeneuvois continuent d\u2019\u00eatre inspir\u00e9s. Gr\u00e2ce \u00e0 une bonne inspiration de Rapha\u00ebl Savar, Sacha Kouassi conclut \u00e0 son tour un temps fort, (19\u2032 14-6).<\/p>\n<p style=\"text-align: justify;\">\u00c0 la suite d\u2019un en-avant de Rapha\u00ebl Savar, ce sont les Catalans qui en profitent. Avec un travail autour du tenu, c\u2019est le copier-coller de l\u2019essai pr\u00e9c\u00e9dent, mais de l\u2019autre c\u00f4t\u00e9, avec Alexis Lis qui termine au milieu des poteaux, (28\u2032 14-12). En provenance d\u2019Avignon, c\u2019est son premier essai sous les couleurs catalanes.<\/p>\n<p style=\"text-align: justify;\">Les Baby Dracs s\u2019installent dans le camp adverse et en jouant le coup jusqu\u2019\u00e0 la mi-temps, c\u2019est Tim\u00e9o Portier qui aplatit en coin, (40\u2032 14-16).<\/p>\n<p>Et Jack Aiken apparu<\/p>\n<p style=\"text-align: justify;\">D\u00e8s l\u2019entame du second acte, Baptiste Dubertrand \u00e9cope d\u2019un carton jaune suite \u00e0 un \u00ab\u00a0crusher tackle\u00a0\u00bb sur son ancien co\u00e9quipier, Alan Baby. Mais \u00e7a ne pose aucun probl\u00e8me aux L\u00e9opards, qui n\u2019encaissent aucun point durant ces dix minutes. Mieux, en jouant une \u00ab\u00a0une-deux\u00a0\u00bb entre Hamza Bachoukh et Jack Aiken, le demi de m\u00eal\u00e9e marque le premier essai du second acte, (46\u2032 20-16).<\/p>\n<p style=\"text-align: justify;\">Et de retour \u00e0 13, les L\u00e9opards scorent une nouvelle fois. Suite \u00e0 un coup de pied d\u2019Anthony Barjou, le ballon atterrit dans les bras de Sacha Kouassi, qui s\u2019offre un doubl\u00e9, (55\u2032 26-16).<\/p>\n<p style=\"text-align: justify;\">Apr\u00e8s un choc t\u00eate contre t\u00eate entre deux adversaires, les Catalans recollent au score. Avec un nouveau d\u00e9part au ras du tenu, les Villeneuvois se font prendre une deuxi\u00e8me fois de cette mani\u00e8re, cette fois par Felix Gautier, (63\u2032 26-22).<\/p>\n<p style=\"text-align: justify;\">Et qui d\u2019autre que le MVP Treize Mondial de la saison 2024-2025 pour \u00eatre d\u00e9cisif et planter la derni\u00e8re banderille dans le dos des Catalans ? En cassant deux plaquages, Jack Aiken ouvre son compteur cette saison, pour conclure le match (74\u2032 32-22).<\/p>\n<p style=\"text-align: justify;\">Avant de se d\u00e9placer \u00e0 Avignon, Villeneuve remporte une premi\u00e8re victoire pour f\u00eater leur retour dans leur stade. Tandis que Saint-Est\u00e8ve XIII Catalan repart de Max Rousi\u00e9 avec le point de bonus d\u00e9fensif, et se d\u00e9placera du c\u00f4t\u00e9 de L\u00e9zignan le weekend prochain.<\/p>\n<blockquote class=\"instagram-media\" data-instgrm-captioned=\"\" data-instgrm-permalink=\"https:\/\/www.instagram.com\/p\/DPHdjjFj_0y\/?utm_source=ig_embed&amp;utm_campaign=loading\" data-instgrm-version=\"14\" style=\" background:#FFF; border:0; border-radius:3px; box-shadow:0 0 1px 0 rgba(0,0,0,0.5),0 1px 10px 0 rgba(0,0,0,0.15); margin: 1px; max-width:500px; min-width:326px; padding:0; width:99.375%; width:-webkit-calc(100% - 2px); width:calc(100% - 2px);\">\n<\/blockquote>\n<p>        <script async src=\"\/\/www.instagram.com\/embed.js\"><\/script><\/p>\n","protected":false},"excerpt":{"rendered":"Villeneuve a r\u00e9ussi son entr\u00e9e dans cette nouvelle saison de Super XIII en s\u2019imposant contre Saint-Est\u00e8ve XIII Catalan&hellip;\n","protected":false},"author":2,"featured_media":422458,"comment_status":"","ping_status":"","sticky":false,"template":"","format":"standard","meta":{"footnotes":""},"categories":[1416],"tags":[1011,27,479,2228,1468,2229,2230,60,2231,10682],"class_list":{"0":"post-422457","1":"post","2":"type-post","3":"status-publish","4":"format-standard","5":"has-post-thumbnail","7":"category-rugby","8":"tag-fr","9":"tag-france","10":"tag-rugby","11":"tag-rugby-a-xiii","12":"tag-rugby-football","13":"tag-rugby-league","14":"tag-saint-esteve-xiii-catalan","15":"tag-sports","16":"tag-super-xiii","17":"tag-villeneuve"},"share_on_mastodon":{"url":"https:\/\/pubeurope.com\/@fr\/115278773274800920","error":""},"_links":{"self":[{"href":"https:\/\/www.europesays.com\/fr\/wp-json\/wp\/v2\/posts\/422457","targetHints":{"allow":["GET"]}}],"collection":[{"href":"https:\/\/www.europesays.com\/fr\/wp-json\/wp\/v2\/posts"}],"about":[{"href":"https:\/\/www.europesays.com\/fr\/wp-json\/wp\/v2\/types\/post"}],"author":[{"embeddable":true,"href":"https:\/\/www.europesays.com\/fr\/wp-json\/wp\/v2\/users\/2"}],"replies":[{"embeddable":true,"href":"https:\/\/www.europesays.com\/fr\/wp-json\/wp\/v2\/comments?post=422457"}],"version-history":[{"count":0,"href":"https:\/\/www.europesays.com\/fr\/wp-json\/wp\/v2\/posts\/422457\/revisions"}],"wp:featuredmedia":[{"embeddable":true,"href":"https:\/\/www.europesays.com\/fr\/wp-json\/wp\/v2\/media\/422458"}],"wp:attachment":[{"href":"https:\/\/www.europesays.com\/fr\/wp-json\/wp\/v2\/media?parent=422457"}],"wp:term":[{"taxonomy":"category","embeddable":true,"href":"https:\/\/www.europesays.com\/fr\/wp-json\/wp\/v2\/categories?post=422457"},{"taxonomy":"post_tag","embeddable":true,"href":"https:\/\/www.europesays.com\/fr\/wp-json\/wp\/v2\/tags?post=422457"}],"curies":[{"name":"wp","href":"https:\/\/api.w.org\/{rel}","templated":true}]}}