{"id":422463,"date":"2025-09-27T23:10:12","date_gmt":"2025-09-27T23:10:12","guid":{"rendered":"https:\/\/www.europesays.com\/fr\/422463\/"},"modified":"2025-09-27T23:10:12","modified_gmt":"2025-09-27T23:10:12","slug":"mick-schumacher-va-tester-une-indycar-a-indianapolis","status":"publish","type":"post","link":"https:\/\/www.europesays.com\/fr\/422463\/","title":{"rendered":"Mick Schumacher va tester une IndyCar \u00e0 Indianapolis"},"content":{"rendered":"<p>Mick Schumacher s\u2019appr\u00eate \u00e0 franchir une nouvelle \u00e9tape dans sa carri\u00e8re. Le pilote allemand de 26 ans testera pour la premi\u00e8re fois une IndyCar le 13 octobre prochain sur le circuit routier d\u2019Indianapolis, avec l\u2019\u00e9quipe Rahal Letterman Lanigan Racing (RLLR).<\/p>\n<p>Cette opportunit\u00e9 survient alors que l\u2019ancien pilote Haas peine \u00e0 retrouver un volant en Formule 1. Apr\u00e8s deux saisons dans la cat\u00e9gorie reine entre 2021 et 2022, Schumacher \u00e9volue d\u00e9sormais en Championnat du monde d\u2019endurance avec Alpine. Il avait \u00e9galement \u00e9t\u00e9 pressenti pour rejoindre la nouvelle \u00e9quipe Cadillac F1 en 2026, mais les si\u00e8ges sont finalement revenus \u00e0 <a href=\"https:\/\/www.motorsinside.com\/f1\/actualite\/officiel-cadillac-annonce-ses-deux-pilotes-pour-son-arrivee-en-f1-en-2026\" target=\"_blank\" rel=\"noopener\">Sergio Perez et Valtteri Bottas.<\/a><\/p>\n<p>Indianapolis, terrain familial!<\/p>\n<p>Le fils de Michael Schumacher d\u00e9couvrira l\u2019univers de la course automobile am\u00e9ricaine sur un trac\u00e9 charg\u00e9 d\u2019histoire familiale. Son p\u00e8re avait remport\u00e9 cinq victoires en sept tentatives \u00e0 Indianapolis lorsque le Grand Prix des \u00c9tats-Unis s\u2019y d\u00e9roulait au d\u00e9but des ann\u00e9es 2000.<\/p>\n<p>\u00ab J\u2019ai vraiment h\u00e2te de piloter lors de mon premier test en IndyCar. Un grand merci \u00e0 l\u2019\u00e9quipe Rahal Letterman Lanigan Racing de m\u2019offrir cette opportunit\u00e9. Il en va de m\u00eame pour le fait de rouler pour la premi\u00e8re fois sur l\u2019Indianapolis Motor Speedway, un circuit charg\u00e9 d\u2019histoire o\u00f9 mon p\u00e8re a d\u00e9j\u00e0 couru. Je suis impatient de d\u00e9couvrir les particularit\u00e9s qu\u2019il r\u00e9serve.<\/p>\n<p>Je suis tr\u00e8s curieux de comprendre les caract\u00e9ristiques de cette monoplace, diff\u00e9rente de celles que j\u2019ai l\u2019habitude de piloter, tout en pr\u00e9sentant des similitudes. Je reste tr\u00e8s int\u00e9ress\u00e9 par l\u2019acquisition d\u2019exp\u00e9rience dans le monde diversifi\u00e9 du sport automobile. Ce n\u2019est un secret pour personne, je suis un grand passionn\u00e9 de courses en monoplace, donc ce premier test en IndyCar sera une exp\u00e9rience pr\u00e9cieuse, et j\u2019ai vraiment h\u00e2te de conduire une voiture o\u00f9 je peux voir mes roues. \u00bb, a d\u00e9clar\u00e9 Schumacher.<\/p>\n<p>Une \u00e9quipe conquise<\/p>\n<p>De son c\u00f4t\u00e9, Bobby Rahal, copropri\u00e9taire de l\u2019\u00e9quipe et vainqueur des 500 miles d\u2019Indianapolis en 1986, ne cache pas son enthousiasme : \u00ab J\u2019ai suivi la carri\u00e8re de Mick de loin, ainsi que celle de son p\u00e8re, donc l\u2019id\u00e9e de le voir dans l\u2019une de nos voitures est tr\u00e8s enthousiasmante. Je pense que ce sera une grande journ\u00e9e pour RLL et aussi pour Mick, puisqu\u2019il vivra sa premi\u00e8re exp\u00e9rience en IndyCar. Il a \u00e9videmment beaucoup de talent, et sachant que nous disposons de r\u00e9glages assez solides pour le circuit routier de l\u2019IMS, cela devrait lui donner une bonne base de d\u00e9part.\u00a0\u00bb<\/p>\n<p>Jay Frye, pr\u00e9sident de RLLR a jout\u00e9 : \u00ab C\u2019est une opportunit\u00e9 incroyable pour RLL de tester un talent d\u2019\u00e9lite comme Mick et de r\u00e9unir deux familles l\u00e9gendaires du sport automobile. \u00bb<\/p>\n<p>Schumacher avait d\u00e9j\u00e0 fait le d\u00e9placement aux 500 miles d\u2019Indianapolis en mai dernier pour \u00e9tablir des contacts dans le paddock IndyCar. Ce test du 13 octobre lui permettra d\u2019\u00e9valuer concr\u00e8tement ses perspectives d\u2019avenir outre-Atlantique, dans une s\u00e9rie r\u00e9put\u00e9e pour ses exigences physiques particuli\u00e8res.<\/p>\n","protected":false},"excerpt":{"rendered":"Mick Schumacher s\u2019appr\u00eate \u00e0 franchir une nouvelle \u00e9tape dans sa carri\u00e8re. Le pilote allemand de 26 ans testera&hellip;\n","protected":false},"author":2,"featured_media":422464,"comment_status":"","ping_status":"","sticky":false,"template":"","format":"standard","meta":{"footnotes":""},"categories":[1412],"tags":[1451,1452,1453,1454,1455,1011,27,60],"class_list":{"0":"post-422463","1":"post","2":"type-post","3":"status-publish","4":"format-standard","5":"has-post-thumbnail","7":"category-f1","8":"tag-f1","9":"tag-formula-1","10":"tag-formula1","11":"tag-formule-1","12":"tag-formule1","13":"tag-fr","14":"tag-france","15":"tag-sports"},"share_on_mastodon":{"url":"https:\/\/pubeurope.com\/@fr\/115278789413473029","error":""},"_links":{"self":[{"href":"https:\/\/www.europesays.com\/fr\/wp-json\/wp\/v2\/posts\/422463","targetHints":{"allow":["GET"]}}],"collection":[{"href":"https:\/\/www.europesays.com\/fr\/wp-json\/wp\/v2\/posts"}],"about":[{"href":"https:\/\/www.europesays.com\/fr\/wp-json\/wp\/v2\/types\/post"}],"author":[{"embeddable":true,"href":"https:\/\/www.europesays.com\/fr\/wp-json\/wp\/v2\/users\/2"}],"replies":[{"embeddable":true,"href":"https:\/\/www.europesays.com\/fr\/wp-json\/wp\/v2\/comments?post=422463"}],"version-history":[{"count":0,"href":"https:\/\/www.europesays.com\/fr\/wp-json\/wp\/v2\/posts\/422463\/revisions"}],"wp:featuredmedia":[{"embeddable":true,"href":"https:\/\/www.europesays.com\/fr\/wp-json\/wp\/v2\/media\/422464"}],"wp:attachment":[{"href":"https:\/\/www.europesays.com\/fr\/wp-json\/wp\/v2\/media?parent=422463"}],"wp:term":[{"taxonomy":"category","embeddable":true,"href":"https:\/\/www.europesays.com\/fr\/wp-json\/wp\/v2\/categories?post=422463"},{"taxonomy":"post_tag","embeddable":true,"href":"https:\/\/www.europesays.com\/fr\/wp-json\/wp\/v2\/tags?post=422463"}],"curies":[{"name":"wp","href":"https:\/\/api.w.org\/{rel}","templated":true}]}}