{"id":42247,"date":"2025-04-21T19:45:11","date_gmt":"2025-04-21T19:45:11","guid":{"rendered":"https:\/\/www.europesays.com\/fr\/42247\/"},"modified":"2025-04-21T19:45:11","modified_gmt":"2025-04-21T19:45:11","slug":"la-france-et-le-qatar-concretisent-des-partenariats-entre-institutions-culturelles","status":"publish","type":"post","link":"https:\/\/www.europesays.com\/fr\/42247\/","title":{"rendered":"La France et le Qatar concr\u00e9tisent des partenariats entre institutions culturelles"},"content":{"rendered":"<p>La ministre fran\u00e7aise de la Culture Rachida Dati a sign\u00e9 six accords-cadre ce week-end, \u00e0 Doha, parmi lesquels figurent des pr\u00eats r\u00e9ciproques d\u2019\u0153uvres d\u2019art ou encore une coop\u00e9ration dans le domaine du cin\u00e9ma.<\/p>\n<p class=\"fig-paragraph\">Plusieurs accords ont \u00e9t\u00e9 sign\u00e9s entre des institutions culturelles fran\u00e7aises, comme les mus\u00e9es d&rsquo;Orsay et de l&rsquo;Orangerie, et qataries afin de renforcer les collaborations entre les deux pays, selon un communiqu\u00e9 publi\u00e9 lundi.<\/p>\n<p class=\"fig-paragraph\">La ministre fran\u00e7aise de la Culture,\u00a0<a href=\"https:\/\/www.lefigaro.fr\/tag\/rachida-dati\" target=\"_blank\" rel=\"noopener\" data-gtm-custom-categorie=\"navigation\" data-gtm-custom-action=\"crossclick\" data-gtm-custom-label=\"Contextuel\" data-gtm-event=\"customEventSPE\">Rachida Dati<\/a>, \u00e9tait \u00e0 Doha samedi et dimanche, \u00e0 la suite de la visite d&rsquo;\u00c9tat du Cheikh Tamim bin Hamad Al Thani, \u00c9mir du Qatar, en f\u00e9vrier 2024 en France, pr\u00e9cise ce texte du minist\u00e8re fran\u00e7ais et de Qatar Museums, l&rsquo;organisme charg\u00e9 de la gestion et du d\u00e9veloppement des mus\u00e9es qataris.<\/p>\n<p>Six accords-cadre<\/p>\n<p class=\"fig-paragraph\">Six accords-cadres ont \u00e9t\u00e9 sign\u00e9s \u00e0 cette occasion, dont l&rsquo;un inclut notamment des pr\u00eats r\u00e9ciproques d&rsquo;\u0153uvres d&rsquo;art entre les mus\u00e9es d&rsquo;Orsay et de l&rsquo;Orangerie et Qatar Museums. Un partenariat semblable a \u00e9t\u00e9 nou\u00e9 entre le mus\u00e9e Guimet et le m\u00eame organisme du Qatar, tandis qu&rsquo;un accord-cadre pass\u00e9 par le minist\u00e8re de la Culture d\u00e9finit un partenariat dans le domaine de la formation professionnelle et mobilisera par exemple les Manufactures nationales et l&rsquo;\u00e9cole de cin\u00e9ma la F\u00e9mis.<\/p>\n<p class=\"fig-paragraph\">Toujours dans le domaine du cin\u00e9ma, un accord de coop\u00e9ration entre le Doha Film Institute et le Centre national du cin\u00e9ma et de l&rsquo;image anim\u00e9e doit \u00e9galement permettre de renforcer les projets de co-production entre la France et le Qatar.<\/p>\n<p class=\"fig-paragraph\">Enfin, un protocole d&rsquo;accord entre la Biblioth\u00e8que nationale du Qatar et la Biblioth\u00e8que Nationale de France a \u00e9t\u00e9 conclu afin de d\u00e9velopper des programmes de recherches sur les collections des deux institutions.<\/p>\n<p class=\"fig-paragraph\">\u00abLa ministre de la Culture et la pr\u00e9sidente de Qatar Museums ont convenu que, dans les prochains mois, les \u00e9quipes fran\u00e7aises et qatariennes travailleront \u00e0 la mise en \u0153uvre de ces partenariats \u00e0 travers le lancement de premiers projets\u00bb, indique le communiqu\u00e9.<\/p>\n<p class=\"fig-paragraph\">La France avait par ailleurs nou\u00e9 des accords de coop\u00e9ration culturelle en d\u00e9cembre avec l&rsquo;Arabie saoudite, qui s&rsquo;\u00e9tait engag\u00e9e de son c\u00f4t\u00e9 \u00e0 contribuer \u00e0 hauteur de 50 millions d&rsquo;euros \u00e0 la r\u00e9novation du Centre Pompidou \u00e0 Paris.<\/p>\n<p class=\"fig-paragraph\">Le c\u00e9l\u00e8bre mus\u00e9e d&rsquo;art moderne, appel\u00e9 aussi Beaubourg et inaugur\u00e9 en 1977, doit fermer \u00e0 l&rsquo;\u00e9t\u00e9 2025 jusqu&rsquo;en 2030 pour des travaux de d\u00e9samiantage et de r\u00e9novation, de fond en comble.<\/p>\n","protected":false},"excerpt":{"rendered":"La ministre fran\u00e7aise de la Culture Rachida Dati a sign\u00e9 six accords-cadre ce week-end, \u00e0 Doha, parmi lesquels&hellip;\n","protected":false},"author":2,"featured_media":42248,"comment_status":"","ping_status":"","sticky":false,"template":"","format":"standard","meta":{"footnotes":""},"categories":[4],"tags":[1111,47,11,1109,1112,118,1108,107,1106,1107,1011,27,1110,1114,14,12,1113,316,25],"class_list":{"0":"post-42247","1":"post","2":"type-post","3":"status-publish","4":"format-standard","5":"has-post-thumbnail","7":"category-france","8":"tag-actu","9":"tag-actualite","10":"tag-actualites","11":"tag-breves","12":"tag-depeches","13":"tag-faits-divers","14":"tag-fil","15":"tag-fil-info","16":"tag-flash","17":"tag-flash-actu","18":"tag-fr","19":"tag-france","20":"tag-informations","21":"tag-infos","22":"tag-international","23":"tag-news","24":"tag-nouvelles","25":"tag-politique","26":"tag-republique-francaise"},"share_on_mastodon":{"url":"https:\/\/pubeurope.com\/@fr\/114377675454240315","error":""},"_links":{"self":[{"href":"https:\/\/www.europesays.com\/fr\/wp-json\/wp\/v2\/posts\/42247","targetHints":{"allow":["GET"]}}],"collection":[{"href":"https:\/\/www.europesays.com\/fr\/wp-json\/wp\/v2\/posts"}],"about":[{"href":"https:\/\/www.europesays.com\/fr\/wp-json\/wp\/v2\/types\/post"}],"author":[{"embeddable":true,"href":"https:\/\/www.europesays.com\/fr\/wp-json\/wp\/v2\/users\/2"}],"replies":[{"embeddable":true,"href":"https:\/\/www.europesays.com\/fr\/wp-json\/wp\/v2\/comments?post=42247"}],"version-history":[{"count":0,"href":"https:\/\/www.europesays.com\/fr\/wp-json\/wp\/v2\/posts\/42247\/revisions"}],"wp:featuredmedia":[{"embeddable":true,"href":"https:\/\/www.europesays.com\/fr\/wp-json\/wp\/v2\/media\/42248"}],"wp:attachment":[{"href":"https:\/\/www.europesays.com\/fr\/wp-json\/wp\/v2\/media?parent=42247"}],"wp:term":[{"taxonomy":"category","embeddable":true,"href":"https:\/\/www.europesays.com\/fr\/wp-json\/wp\/v2\/categories?post=42247"},{"taxonomy":"post_tag","embeddable":true,"href":"https:\/\/www.europesays.com\/fr\/wp-json\/wp\/v2\/tags?post=42247"}],"curies":[{"name":"wp","href":"https:\/\/api.w.org\/{rel}","templated":true}]}}