{"id":422470,"date":"2025-09-27T23:14:16","date_gmt":"2025-09-27T23:14:16","guid":{"rendered":"https:\/\/www.europesays.com\/fr\/422470\/"},"modified":"2025-09-27T23:14:16","modified_gmt":"2025-09-27T23:14:16","slug":"le-centre-pompidou-a-ferme-ses-portes-pour-cinq-ans-laissant-un-vide-dans-le-monde-culturel-parisien-rts-ch","status":"publish","type":"post","link":"https:\/\/www.europesays.com\/fr\/422470\/","title":{"rendered":"Le Centre Pompidou a ferm\u00e9 ses portes pour cinq ans, laissant un vide dans le monde culturel parisien &#8211; rts.ch"},"content":{"rendered":"<p>Le Centre Pompidou de Paris, o\u00f9 repose la plus grande collection d\u2019art moderne et contemporain au monde, a ferm\u00e9 ses portes en d\u00e9but de semaine pour des r\u00e9novations qui dureront cinq ans. Son dernier jour s&rsquo;est d\u00e9roul\u00e9 entre \u00e9motion des visiteurs et inqui\u00e9tude autour du vide laiss\u00e9 par ce lieu unique.<\/p>\n<p>Inaugur\u00e9 en 1977 et con\u00e7u comme un lieu \u00ab\u00a0ouvert \u00e0 tous\u00a0\u00bb par les architectes Renzo Piano et Richard Rogers, le Centre Pompidou s&rsquo;\u00e9tait donn\u00e9 pour vocation d&rsquo;accueillir toutes les formes de cultures. Aussi appel\u00e9 Beaubourg, il a r\u00e9volutionn\u00e9 son \u00e9poque et a conquis un public international.<\/p>\n<p>Mais le mus\u00e9e souffre de v\u00e9tust\u00e9. D\u00e9samiantage, accessibilit\u00e9 du lieu, s\u00e9curit\u00e9 et complet r\u00e9am\u00e9nagement int\u00e9rieur sont au menu de ses importants travaux de r\u00e9novation.<\/p>\n<p>Emotion du public<\/p>\n<p>L&rsquo;\u00e9motion \u00e9tait pr\u00e9sente \u00e0 Beaubourg le 22 septembre pour le dernier jour d&rsquo;ouverture avant cinq ans de silence. \u00ab\u00a0C\u2019est un lieu tr\u00e8s g\u00e9n\u00e9reux o\u00f9 nous avons vu beaucoup de choses\u00a0\u00bb, t\u00e9moigne une visiteuse dans le 19h30 de la RTS. \u00ab\u00a0Je regrette de ne pas en avoir profit\u00e9 davantage. Je vous avoue que j\u2019ai une petite larme int\u00e9rieure.\u00a0\u00bb<\/p>\n<p><strong class=\"inline-title\">&gt;&gt; Lire aussi\u00a0: <\/strong><a href=\"https:\/\/www.rts.ch\/info\/culture\/2025\/article\/centre-pompidou-5-ans-de-fermeture-inquietent-commercants-et-habitants-28984756.html\" data-item-id=\"richtext_link\" target=\"_blank\" rel=\"noopener\">La fermeture pour r\u00e9novation du Centre Pompidou \u00e0 Paris inqui\u00e8te le quartier<\/a><\/p>\n<p>La derni\u00e8re exposition \u00e9tait une immense r\u00e9trospective du photographe et plasticien allemand Wolfgang Tillmans, pr\u00e9sent au Centre Pompidou pour son dernier jour. Son exposition, intitul\u00e9e \u00ab\u00a0Rien ne nous y pr\u00e9parait \u2212 Tout nous y pr\u00e9parait\u00a0\u00bb vise \u00e0 faire r\u00e9fl\u00e9chir sur un monde o\u00f9 rien n&rsquo;est acquis.<\/p>\n<p>Et les visiteurs, justement, craignent le rideau ferm\u00e9 sur l\u2019esprit Beaubourg: tous les arts, pour tous les publics. \u00ab\u00a0Ayant la carte du lieu, je venais souvent un peu \u00e0 l\u2019improviste. J\u2019ai eu de tr\u00e8s bonnes surprises\u00a0\u00bb, indique un autre visiteur.<\/p>\n<p> <img decoding=\"async\" src=\"https:\/\/www.europesays.com\/fr\/wp-content\/uploads\/2025\/09\/uif42i-29011037.image\" alt=\"Le Centre Pompidou \u00e0 Paris a ferm\u00e9 pour cinq ans de r\u00e9novation. [Hans Lucas via AFP - Eric Broncard]\" title=\"Le Centre Pompidou \u00e0 Paris a ferm\u00e9 pour cinq ans de r\u00e9novation. [Hans Lucas via AFP - Eric Broncard]\" loading=\"lazy\"\/>  Trois jours apr\u00e8s la fermeture du Centre Pompidou, le parvis est d\u00e9sert. [Hans Lucas via AFP &#8211; Eric Broncard] 120&rsquo;000 \u0153uvres d\u00e9m\u00e9nag\u00e9es<\/p>\n<p>Le monument, qui a accueilli cinq millions de visiteurs en 2024, s&rsquo;\u00e9tend sur neuf niveaux accessibles au public par escalators. Dans les \u00e9tages, d\u00e9j\u00e0 ferm\u00e9s au public, les salles d&rsquo;expositions permanentes sont vides, certaines plong\u00e9es dans le noir.<\/p>\n<p>Quelques escabeaux et aspirateurs de chantier pars\u00e8ment d\u00e9sormais le plus important mus\u00e9e d&rsquo;art moderne au monde, avec le MoMA \u00e0 New York.<\/p>\n<p>Pour faire peau neuve, il a fallu d\u00e9m\u00e9nager pas moins de 120&rsquo;000 \u0153uvres, des pi\u00e8ces parfois monumentales comme le Mur de l\u2019atelier d&rsquo;Andr\u00e9 Breton, mis en caisse il y a quelques mois. Une \u00e9quipe technique a r\u00e9pertori\u00e9 sur place l\u2019\u00e9tat de chaque \u00e9l\u00e9ment et au besoin les a restaur\u00e9s.<\/p>\n<p> <img decoding=\"async\" src=\"https:\/\/www.europesays.com\/fr\/wp-content\/uploads\/2025\/09\/thhuez-29011034.image\" alt=\"Anne Horvath, commissaire de l\u2019exposition &quot;Un dimanche sans fin&quot;, devant le Mur de l\u2019atelier d'Andr\u00e9 Breton, au Centre Pompidou-Metz. [RTS]\" title=\"Anne Horvath, commissaire de l\u2019exposition &quot;Un dimanche sans fin&quot;, devant le Mur de l\u2019atelier d'Andr\u00e9 Breton, au Centre Pompidou-Metz. [RTS]\" loading=\"lazy\"\/>  Anne Horvath, commissaire de l\u2019exposition \u00ab\u00a0Un dimanche sans fin\u00a0\u00bb, devant le Mur de l\u2019atelier d&rsquo;Andr\u00e9 Breton, au Centre Pompidou-Metz. [RTS] Le Mur Breton d\u00e9m\u00e9nag\u00e9 \u00e0 Metz<\/p>\n<p>Le Mur Breton a trouv\u00e9 une deuxi\u00e8me vie au Centre Pompidou-Metz, o\u00f9 l&rsquo;\u0153uvre vient d\u2019\u00eatre remont\u00e9e. Le p\u00e8re du surr\u00e9alisme a cr\u00e9\u00e9 cette composition pendant 40 ans. \u00ab\u00a0Le Mur Breton, c&rsquo;est 255 objets individuels avec chacun sa particularit\u00e9\u00a0\u00bb, explique Anne Horvath, commissaire de l\u2019exposition \u00ab\u00a0Un dimanche sans fin\u00a0\u00bb au Centre Pompidou-Metz.<\/p>\n<p>\u00ab\u00a0C&rsquo;est toute une diversit\u00e9 d&rsquo;objets, de mat\u00e9riaux dont il faut s&rsquo;occuper au m\u00eame moment et garantir des conditions optimales de pr\u00e9sentation et de conservation\u00a0\u00bb, poursuit-elle. La fermeture de Beaubourg signe donc la fin d&rsquo;une \u00e8re \u00e0 Paris, mais le d\u00e9but d&rsquo;une histoire \u00e0 Metz.<\/p>\n<p>Du 22 au 25 octobre, le Centre Pompidou rouvrira exceptionnellement pour trois jours de f\u00eate, avec notamment Christine and the Queens, Catherine Ringer, Selah Sue et un feu d&rsquo;artifice en plein jour.<\/p>\n<p> &gt;&gt; Ecouter le sujet de Vertigo\u00a0:    Pompidou ferme pour 5 ans \/ Vertigo \/ 7 min. \/ le 2 septembre 2025 <\/p>\n<p class=\"sources\">Sujet TV: Adeline Percept<\/p>\n<p class=\"credit\">Adaptation web: Emilie D\u00e9l\u00e9troz avec afp<\/p>\n","protected":false},"excerpt":{"rendered":"Le Centre Pompidou de Paris, o\u00f9 repose la plus grande collection d\u2019art moderne et contemporain au monde, a&hellip;\n","protected":false},"author":2,"featured_media":422471,"comment_status":"","ping_status":"","sticky":false,"template":"","format":"standard","meta":{"footnotes":""},"categories":[1358],"tags":[55165,1348,1384,1385,1693,2502,32827,29503,251,1386,58,59,3293,1011,27,626,716,602,35183],"class_list":{"0":"post-422470","1":"post","2":"type-post","3":"status-publish","4":"format-standard","5":"has-post-thumbnail","7":"category-arts-et-design","8":"tag-andre-breton","9":"tag-arts","10":"tag-arts-and-design","11":"tag-arts-et-design","12":"tag-arts-et-divertissement","13":"tag-arts-visuels","14":"tag-centre-pompidou-metz","15":"tag-cnac","16":"tag-culture","17":"tag-design","18":"tag-divertissement","19":"tag-entertainment","20":"tag-exposition","21":"tag-fr","22":"tag-france","23":"tag-paris","24":"tag-renovation","25":"tag-tourisme","26":"tag-wolfgang-tillmans"},"share_on_mastodon":{"url":"https:\/\/pubeurope.com\/@fr\/115278804868208979","error":""},"_links":{"self":[{"href":"https:\/\/www.europesays.com\/fr\/wp-json\/wp\/v2\/posts\/422470","targetHints":{"allow":["GET"]}}],"collection":[{"href":"https:\/\/www.europesays.com\/fr\/wp-json\/wp\/v2\/posts"}],"about":[{"href":"https:\/\/www.europesays.com\/fr\/wp-json\/wp\/v2\/types\/post"}],"author":[{"embeddable":true,"href":"https:\/\/www.europesays.com\/fr\/wp-json\/wp\/v2\/users\/2"}],"replies":[{"embeddable":true,"href":"https:\/\/www.europesays.com\/fr\/wp-json\/wp\/v2\/comments?post=422470"}],"version-history":[{"count":0,"href":"https:\/\/www.europesays.com\/fr\/wp-json\/wp\/v2\/posts\/422470\/revisions"}],"wp:featuredmedia":[{"embeddable":true,"href":"https:\/\/www.europesays.com\/fr\/wp-json\/wp\/v2\/media\/422471"}],"wp:attachment":[{"href":"https:\/\/www.europesays.com\/fr\/wp-json\/wp\/v2\/media?parent=422470"}],"wp:term":[{"taxonomy":"category","embeddable":true,"href":"https:\/\/www.europesays.com\/fr\/wp-json\/wp\/v2\/categories?post=422470"},{"taxonomy":"post_tag","embeddable":true,"href":"https:\/\/www.europesays.com\/fr\/wp-json\/wp\/v2\/tags?post=422470"}],"curies":[{"name":"wp","href":"https:\/\/api.w.org\/{rel}","templated":true}]}}