{"id":422474,"date":"2025-09-27T23:16:13","date_gmt":"2025-09-27T23:16:13","guid":{"rendered":"https:\/\/www.europesays.com\/fr\/422474\/"},"modified":"2025-09-27T23:16:13","modified_gmt":"2025-09-27T23:16:13","slug":"les-traitres-vraiment-meilleure-idee-de-casting-trop-forte-la-meilleure-enquetrice-christine-bravo-devient-la-star-de-lemission-et-fait-sensation-aupres-des-internautes","status":"publish","type":"post","link":"https:\/\/www.europesays.com\/fr\/422474\/","title":{"rendered":"Les Tra\u00eetres &#8211; \u00ab\u00a0Vraiment meilleure id\u00e9e de casting\u00a0\u00bb, \u00ab\u00a0Trop forte\u00a0\u00bb, \u00ab\u00a0La meilleure enqu\u00eatrice\u00a0\u00bb : Christine Bravo devient la star de l&rsquo;\u00e9mission et fait sensation aupr\u00e8s des internautes"},"content":{"rendered":"<p class=\"mb-4 text-lg md:leading-8 break-words\">Les \u00ab\u00a0<a data-i13n=\"cpos:1;pos:1\" href=\"https:\/\/fr.news.yahoo.com\/lai-fait-danielle-anne-%C3%A9lisabeth-090700809.html\" data-ylk=\"slk:Tra\u00eetres;cpos:1;pos:1;elm:context_link;itc:0;sec:content-canvas;outcm:mb_qualified_link;_E:mb_qualified_link;ct:story;\" class=\"link  yahoo-link\" target=\"_blank\" rel=\"noopener\">Tra\u00eetres<\/a>\u00a0\u00bb continuent de semer le trouble ! Dans ce cinqui\u00e8me \u00e9pisode de la saison, <a data-i13n=\"cpos:2;pos:1\" href=\"https:\/\/fr.news.yahoo.com\/eric-antoine-mari%C3%A9-%C3%A0-gennifer-071300676.html\" data-ylk=\"slk:\u00c9ric Antoine;cpos:2;pos:1;elm:context_link;itc:0;sec:content-canvas;outcm:mb_qualified_link;_E:mb_qualified_link;ct:story;\" class=\"link  yahoo-link\" target=\"_blank\" rel=\"noopener\">\u00c9ric Antoine<\/a> orchestre une nouvelle fois les affrontements entre loyaux et tra\u00eetres au sein du ch\u00e2teau de Bournel sur M6. Lors de l&rsquo;\u00e9pisode pr\u00e9c\u00e9dent, le camp des tra\u00eetres avait subi de lourdes pertes avec l&rsquo;\u00e9limination de deux des leurs, poussant Anne-\u00c9lisabeth Blateau et Studio Danielle \u00e0 recruter <a data-i13n=\"cpos:3;pos:1\" href=\"https:\/\/fr.news.yahoo.com\/tra%C3%AEtres-m6-pourquoi-fr%C3%A9d%C3%A9rique-bel-062100592.html\" data-ylk=\"slk:Fr\u00e9d\u00e9rique Bel;cpos:3;pos:1;elm:context_link;itc:0;sec:content-canvas;outcm:mb_qualified_link;_E:mb_qualified_link;ct:story;\" class=\"link  yahoo-link\" target=\"_blank\" rel=\"noopener\">Fr\u00e9d\u00e9rique Bel<\/a> pour renforcer leurs rangs.<\/p>\n<p>Des sp\u00e9culations qui s&rsquo;intensifient autour de Christine Bravo<\/p>\n<p class=\"mb-4 text-lg md:leading-8 break-words\">D\u00e8s l&rsquo;entame de cet \u00e9pisode, les discussions entre candidats prennent une tournure particuli\u00e8re. Th\u00e9o Fernandez, <a data-i13n=\"cpos:4;pos:1\" href=\"https:\/\/fr.news.yahoo.com\/christine-bravo-frustr%C3%A9e-montant-retraite-113600272.html\" data-ylk=\"slk:Christine Bravo;cpos:4;pos:1;elm:context_link;itc:0;sec:content-canvas;outcm:mb_qualified_link;_E:mb_qualified_link;ct:story;\" class=\"link  yahoo-link\" target=\"_blank\" rel=\"noopener\">Christine Bravo<\/a>, Sylvie Tellier et Marl\u00e8ne Schiappa unissent leurs forces et convergent rapidement vers le m\u00eame nom : Fr\u00e9d\u00e9rique Bel. L&rsquo;ancienne Miss France et ses alli\u00e9s d\u00e9cident alors d&rsquo;aller confronter directement l&rsquo;actrice, soup\u00e7onn\u00e9e d&rsquo;\u00eatre une tra\u00eetresse. Face \u00e0 Christine Bravo, Fr\u00e9d\u00e9rique Bel tente de se justifier, mais l&rsquo;animatrice reste in\u00e9branlable dans ses convictions. La perspicacit\u00e9 de Christine Bravo se r\u00e9v\u00e8le une nouvelle fois redoutable, et elle continue de mener la charge en s&rsquo;attaquant ensuite \u00e0 Anne-\u00c9lisabeth Blateau et Studio Danielle, toutes deux effectivement tra\u00eetresses.<\/p>\n<p class=\"mb-4 text-lg md:leading-8 break-words\"><strong>VID\u00c9O &#8211; D\u00e9couvrez la minute d&rsquo;\u00c9ric Antoine<\/strong><\/p>\n<p>Une table ronde explosive et l&rsquo;\u00e9limination de Fr\u00e9d\u00e9rique Bel<\/p>\n<p class=\"mb-4 text-lg md:leading-8 break-words\">La table ronde s&rsquo;annonce particuli\u00e8rement houleuse ce soir. Olivier Bal, qui s&rsquo;est montr\u00e9 trop visible dans les discussions et sp\u00e9culations, s\u00e8me le doute parmi les candidats et se retrouve rapidement dans l&rsquo;\u0153il du cyclone. Entre-temps, Fr\u00e9d\u00e9rique Bel parvient \u00e0 convaincre Doigby de son innocence, retournant habilement le cerveau du streameur. L&rsquo;\u00e9crivain, \u00e0 fleur de peau, finit par s&#8217;emporter et se dispute avec Th\u00e9o Fernandez lors d&rsquo;\u00e9changes particuli\u00e8rement tendus. Malgr\u00e9 cette diversion, c&rsquo;est bien Fr\u00e9d\u00e9rique Bel qui est \u00e9limin\u00e9e \u00e0 la majorit\u00e9 des votes. Une troisi\u00e8me tra\u00eetresse cons\u00e9cutive quitte ainsi l&rsquo;aventure, \u00e9tablissant un record dans l&rsquo;histoire de l&rsquo;\u00e9mission.<\/p>\n<p>\u00ab\u00a0LA star de ce programme\u00a0\u00bb<\/p>\n<p class=\"mb-4 text-lg md:leading-8 break-words\">Sur X, les t\u00e9l\u00e9spectateurs ne tarissent pas d&rsquo;\u00e9loges sur la performance de Christine Bravo. \u00ab\u00a0Christine Bravo, vraiment meilleure id\u00e9e de casting ! \u00c7a aurait \u00e9t\u00e9 dommage qu&rsquo;elle parte vraiment au d\u00e9but de la saison\u00a0\u00bb, s&rsquo;enthousiasme un internaute. Un autre utilisateur salue sa strat\u00e9gie, parfois incomprise des autres candidats : \u00ab\u00a0Christine Bravo avait construit une arm\u00e9e pour \u00e9liminer la BONNE personne et l&rsquo;arm\u00e9e s&rsquo;est destitu\u00e9e pour se concentrer sur un loyal, reine incomprise\u00a0\u00bb. L&rsquo;admiration est unanime : \u00ab\u00a0Christine est remarquable ! C&rsquo;est gr\u00e2ce \u00e0 elle que les tra\u00eetres sont \u00e9limin\u00e9s\u00a0\u00bb. Les t\u00e9l\u00e9spectateurs reconnaissent unanimement l&rsquo;influence d\u00e9terminante de l&rsquo;animatrice dans la r\u00e9ussite exceptionnelle du camp des loyaux cette saison.<\/p>\n","protected":false},"excerpt":{"rendered":"Les \u00ab\u00a0Tra\u00eetres\u00a0\u00bb continuent de semer le trouble ! Dans ce cinqui\u00e8me \u00e9pisode de la saison, \u00c9ric Antoine orchestre&hellip;\n","protected":false},"author":2,"featured_media":422475,"comment_status":"","ping_status":"","sticky":false,"template":"","format":"standard","meta":{"footnotes":""},"categories":[1356],"tags":[55167,55168,31049,58,59,1011,27,55166,252,55169,1364],"class_list":{"0":"post-422474","1":"post","2":"type-post","3":"status-publish","4":"format-standard","5":"has-post-thumbnail","7":"category-television","8":"tag-anne-elisabeth-blateau","9":"tag-chateau-de-bournel","10":"tag-christine-bravo","11":"tag-divertissement","12":"tag-entertainment","13":"tag-fr","14":"tag-france","15":"tag-frederique-bel","16":"tag-television","17":"tag-traitres","18":"tag-tv"},"share_on_mastodon":{"url":"https:\/\/pubeurope.com\/@fr\/115278812650737122","error":""},"_links":{"self":[{"href":"https:\/\/www.europesays.com\/fr\/wp-json\/wp\/v2\/posts\/422474","targetHints":{"allow":["GET"]}}],"collection":[{"href":"https:\/\/www.europesays.com\/fr\/wp-json\/wp\/v2\/posts"}],"about":[{"href":"https:\/\/www.europesays.com\/fr\/wp-json\/wp\/v2\/types\/post"}],"author":[{"embeddable":true,"href":"https:\/\/www.europesays.com\/fr\/wp-json\/wp\/v2\/users\/2"}],"replies":[{"embeddable":true,"href":"https:\/\/www.europesays.com\/fr\/wp-json\/wp\/v2\/comments?post=422474"}],"version-history":[{"count":0,"href":"https:\/\/www.europesays.com\/fr\/wp-json\/wp\/v2\/posts\/422474\/revisions"}],"wp:featuredmedia":[{"embeddable":true,"href":"https:\/\/www.europesays.com\/fr\/wp-json\/wp\/v2\/media\/422475"}],"wp:attachment":[{"href":"https:\/\/www.europesays.com\/fr\/wp-json\/wp\/v2\/media?parent=422474"}],"wp:term":[{"taxonomy":"category","embeddable":true,"href":"https:\/\/www.europesays.com\/fr\/wp-json\/wp\/v2\/categories?post=422474"},{"taxonomy":"post_tag","embeddable":true,"href":"https:\/\/www.europesays.com\/fr\/wp-json\/wp\/v2\/tags?post=422474"}],"curies":[{"name":"wp","href":"https:\/\/api.w.org\/{rel}","templated":true}]}}