{"id":422489,"date":"2025-09-27T23:24:12","date_gmt":"2025-09-27T23:24:12","guid":{"rendered":"https:\/\/www.europesays.com\/fr\/422489\/"},"modified":"2025-09-27T23:24:12","modified_gmt":"2025-09-27T23:24:12","slug":"au-moins-cinq-morts-dont-des-enfants-dans-de-terribles-inondations","status":"publish","type":"post","link":"https:\/\/www.europesays.com\/fr\/422489\/","title":{"rendered":"Au moins cinq morts, dont des enfants dans de terribles inondations"},"content":{"rendered":"<p>L\u2019Alg\u00e9rie fait face \u00e0 des pluies torrentielles depuis jeudi. Cinq personnes, dont trois enfants, ont \u00e9t\u00e9 tu\u00e9es dans ces <a href=\"https:\/\/www.20minutes.fr\/dossier\/intemperies\" class=\"c-link c-link--is-underlined\" target=\"_blank\" rel=\"noopener\">intemp\u00e9ries<\/a> qui frappent Djelfa, M\u2019Sila et d\u2019autres r\u00e9gions de l\u2019est et du sud de l\u2019<a href=\"https:\/\/www.20minutes.fr\/dossier\/algerie\" class=\"c-link c-link--is-underlined\" target=\"_blank\" rel=\"noopener\">Alg\u00e9rie<\/a>, a annonc\u00e9 ce samedi la Protection civile, dans un communiqu\u00e9. Avant de pr\u00e9ciser avoir retrouv\u00e9 le corps d&rsquo;\u00ab\u00a0un enfant de deux ans emport\u00e9 par les eaux d\u2019un oued dans la r\u00e9gion du barrage d\u2019Oum Eddhrou dans la province de Djelfa\u00a0\u00bb, \u00e0 300 km au sud d\u2019Alger.<\/p>\n<p>Elle a ajout\u00e9 ensuite que \u00ab\u00a0les corps d\u2019un gar\u00e7on et d\u2019une fille, \u00e2g\u00e9s respectivement de 3 et 5 ans, ont \u00e9t\u00e9 rep\u00each\u00e9s\u00a0\u00bb dans un parc \u00e0 Sidi A\u00efssa, dans la province de M\u2019Sila (230 km au sud d\u2019Alger), apr\u00e8s avoir \u00e9t\u00e9 emport\u00e9s par la crue soudaine de quatre cours d\u2019eau voisins.<\/p>\n<p>Deux personnes emport\u00e9es dans une voiture<\/p>\n<p>Dans un communiqu\u00e9 s\u00e9par\u00e9, la protection civile a indiqu\u00e9 avoir retrouv\u00e9 un corps dans la r\u00e9gion de Wadi Fritis, o\u00f9 deux personnes qui se trouvaient dans une voiture avaient \u00e9t\u00e9 emport\u00e9es par les flots. Un autre \u00ab\u00a0corps sans vie a \u00e9t\u00e9 retrouv\u00e9 et rep\u00each\u00e9 \u00e0 environ 30 km du lieu de l\u2019accident\u00a0\u00bb, a-t-elle ajout\u00e9.<\/p>\n<p>Les services <a href=\"https:\/\/www.20minutes.fr\/dossier\/meteo\" class=\"c-link c-link--is-underlined\" target=\"_blank\" rel=\"noopener\">m\u00e9t\u00e9orologiques<\/a> avaient averti de fortes pr\u00e9cipitations pouvant atteindre 15 mm dans l\u2019est de l\u2019Alg\u00e9rie, en particulier \u00e0 Constantine, S\u00e9tif et Souk Ahras, ainsi que dans les hauts plateaux, la r\u00e9gion situ\u00e9e entre le nord bordant la <a href=\"https:\/\/www.20minutes.fr\/dossier\/mediterranee\" class=\"c-link c-link--is-underlined\" target=\"_blank\" rel=\"noopener\">M\u00e9diterran\u00e9e<\/a> et le sud d\u00e9sertique, comme M\u2019Sila et Djelfa.<\/p>\n","protected":false},"excerpt":{"rendered":"L\u2019Alg\u00e9rie fait face \u00e0 des pluies torrentielles depuis jeudi. Cinq personnes, dont trois enfants, ont \u00e9t\u00e9 tu\u00e9es dans&hellip;\n","protected":false},"author":2,"featured_media":422490,"comment_status":"","ping_status":"","sticky":false,"template":"","format":"standard","meta":{"footnotes":""},"categories":[5],"tags":[47,11,15,1011,27,3059,14,1252,2487,74,12,28],"class_list":{"0":"post-422489","1":"post","2":"type-post","3":"status-publish","4":"format-standard","5":"has-post-thumbnail","7":"category-international","8":"tag-actualite","9":"tag-actualites","10":"tag-algerie","11":"tag-fr","12":"tag-france","13":"tag-intemperies","14":"tag-international","15":"tag-mediterranee","16":"tag-meteo","17":"tag-monde","18":"tag-news","19":"tag-world"},"share_on_mastodon":{"url":"https:\/\/pubeurope.com\/@fr\/115278844238552544","error":""},"_links":{"self":[{"href":"https:\/\/www.europesays.com\/fr\/wp-json\/wp\/v2\/posts\/422489","targetHints":{"allow":["GET"]}}],"collection":[{"href":"https:\/\/www.europesays.com\/fr\/wp-json\/wp\/v2\/posts"}],"about":[{"href":"https:\/\/www.europesays.com\/fr\/wp-json\/wp\/v2\/types\/post"}],"author":[{"embeddable":true,"href":"https:\/\/www.europesays.com\/fr\/wp-json\/wp\/v2\/users\/2"}],"replies":[{"embeddable":true,"href":"https:\/\/www.europesays.com\/fr\/wp-json\/wp\/v2\/comments?post=422489"}],"version-history":[{"count":0,"href":"https:\/\/www.europesays.com\/fr\/wp-json\/wp\/v2\/posts\/422489\/revisions"}],"wp:featuredmedia":[{"embeddable":true,"href":"https:\/\/www.europesays.com\/fr\/wp-json\/wp\/v2\/media\/422490"}],"wp:attachment":[{"href":"https:\/\/www.europesays.com\/fr\/wp-json\/wp\/v2\/media?parent=422489"}],"wp:term":[{"taxonomy":"category","embeddable":true,"href":"https:\/\/www.europesays.com\/fr\/wp-json\/wp\/v2\/categories?post=422489"},{"taxonomy":"post_tag","embeddable":true,"href":"https:\/\/www.europesays.com\/fr\/wp-json\/wp\/v2\/tags?post=422489"}],"curies":[{"name":"wp","href":"https:\/\/api.w.org\/{rel}","templated":true}]}}