{"id":422491,"date":"2025-09-27T23:25:10","date_gmt":"2025-09-27T23:25:10","guid":{"rendered":"https:\/\/www.europesays.com\/fr\/422491\/"},"modified":"2025-09-27T23:25:10","modified_gmt":"2025-09-27T23:25:10","slug":"le-suspect-mis-en-examen-pour-enlevement-et-viol","status":"publish","type":"post","link":"https:\/\/www.europesays.com\/fr\/422491\/","title":{"rendered":"Le suspect mis en examen pour enl\u00e8vement et viol"},"content":{"rendered":"<p>L\u2019homme de 34 ans interpell\u00e9 jeudi apr\u00e8s l\u2019enl\u00e8vement d\u2019une jeune fille de 12 ans dans l\u2019<a href=\"https:\/\/www.20minutes.fr\/dossier\/orne\" class=\"c-link c-link--is-underlined\" rel=\"nofollow noopener\" target=\"_blank\">Orne<\/a> a \u00e9t\u00e9 mis en examen ce samedi pour <a href=\"https:\/\/www.20minutes.fr\/dossier\/enlevement\" class=\"c-link c-link--is-underlined\" rel=\"nofollow noopener\" target=\"_blank\">enl\u00e8vement<\/a>, s\u00e9questration, viol et agression sexuelle aggrav\u00e9s sur mineure de moins de 15 ans, a annonc\u00e9 le parquet.<\/p>\n<p>Le suspect, un ami du p\u00e8re de Lucie, a \u00e9t\u00e9 plac\u00e9 en d\u00e9tention provisoire \u00e0 l\u2019issue de sa garde \u00e0 vue, a pr\u00e9cis\u00e9 le procureur de la R\u00e9publique de <a href=\"https:\/\/www.20minutes.fr\/dossier\/caen\" class=\"c-link c-link--is-underlined\" rel=\"nofollow noopener\" target=\"_blank\">Caen<\/a>, Jo\u00ebl Garrigue, dans un message transmis \u00e0 l\u2019AFP. L\u2019homme avait \u00e9t\u00e9 interpell\u00e9 jeudi \u00e0 Montbert (<a href=\"https:\/\/www.20minutes.fr\/societe\/loire-atlantique\/\" class=\"c-link c-link--is-underlined\" rel=\"nofollow noopener\" target=\"_blank\">Loire-Atlantique<\/a>) quelques heures apr\u00e8s le d\u00e9clenchement d\u2019une <a href=\"https:\/\/www.20minutes.fr\/dossier\/alerte_enlevement\" class=\"c-link c-link--is-underlined\" rel=\"nofollow noopener\" target=\"_blank\">alerte enl\u00e8vement<\/a>.<\/p>\n<p>Le suspect avait d\u00e9j\u00e0 \u00e9t\u00e9 condamn\u00e9 par le pass\u00e9 pour des faits de violences, de violences par conjoint et sur mineur de 15 ans et de menace de mort. Il b\u00e9n\u00e9ficie d\u2019une mesure de tutelle.<\/p>\n","protected":false},"excerpt":{"rendered":"L\u2019homme de 34 ans interpell\u00e9 jeudi apr\u00e8s l\u2019enl\u00e8vement d\u2019une jeune fille de 12 ans dans l\u2019Orne a \u00e9t\u00e9&hellip;\n","protected":false},"author":2,"featured_media":422492,"comment_status":"","ping_status":"","sticky":false,"template":"","format":"standard","meta":{"footnotes":""},"categories":[4],"tags":[47,11,118,1011,27,811,303,3047,12,810,2636,812,25],"class_list":{"0":"post-422491","1":"post","2":"type-post","3":"status-publish","4":"format-standard","5":"has-post-thumbnail","7":"category-france","8":"tag-actualite","9":"tag-actualites","10":"tag-faits-divers","11":"tag-fr","12":"tag-france","13":"tag-hauts-de-france","14":"tag-justice","15":"tag-loire-atlantique","16":"tag-news","17":"tag-orne","18":"tag-pays-de-la-loire","19":"tag-picardie","20":"tag-republique-francaise"},"share_on_mastodon":{"url":"https:\/\/pubeurope.com\/@fr\/115278847992284854","error":""},"_links":{"self":[{"href":"https:\/\/www.europesays.com\/fr\/wp-json\/wp\/v2\/posts\/422491","targetHints":{"allow":["GET"]}}],"collection":[{"href":"https:\/\/www.europesays.com\/fr\/wp-json\/wp\/v2\/posts"}],"about":[{"href":"https:\/\/www.europesays.com\/fr\/wp-json\/wp\/v2\/types\/post"}],"author":[{"embeddable":true,"href":"https:\/\/www.europesays.com\/fr\/wp-json\/wp\/v2\/users\/2"}],"replies":[{"embeddable":true,"href":"https:\/\/www.europesays.com\/fr\/wp-json\/wp\/v2\/comments?post=422491"}],"version-history":[{"count":0,"href":"https:\/\/www.europesays.com\/fr\/wp-json\/wp\/v2\/posts\/422491\/revisions"}],"wp:featuredmedia":[{"embeddable":true,"href":"https:\/\/www.europesays.com\/fr\/wp-json\/wp\/v2\/media\/422492"}],"wp:attachment":[{"href":"https:\/\/www.europesays.com\/fr\/wp-json\/wp\/v2\/media?parent=422491"}],"wp:term":[{"taxonomy":"category","embeddable":true,"href":"https:\/\/www.europesays.com\/fr\/wp-json\/wp\/v2\/categories?post=422491"},{"taxonomy":"post_tag","embeddable":true,"href":"https:\/\/www.europesays.com\/fr\/wp-json\/wp\/v2\/tags?post=422491"}],"curies":[{"name":"wp","href":"https:\/\/api.w.org\/{rel}","templated":true}]}}