{"id":422493,"date":"2025-09-27T23:26:13","date_gmt":"2025-09-27T23:26:13","guid":{"rendered":"https:\/\/www.europesays.com\/fr\/422493\/"},"modified":"2025-09-27T23:26:13","modified_gmt":"2025-09-27T23:26:13","slug":"lancien-depute-de-vaucluse-jean-michel-ferrand-est-mort-a-83-ans","status":"publish","type":"post","link":"https:\/\/www.europesays.com\/fr\/422493\/","title":{"rendered":"L&rsquo;ancien d\u00e9put\u00e9 de Vaucluse Jean-Michel Ferrand est mort \u00e0 83 ans"},"content":{"rendered":"<p><a href=\"https:\/\/www.laprovence.com\/article\/edition-vaucluse\/4143071\/jean-michel-ferrand-tel-le-phenix-toujours-renaissant.html\" target=\"_blank\" rel=\"noopener\">Jean-Michel Ferrand<\/a>, d\u00e9put\u00e9 de droite r\u00e9publicaine dans la <a href=\"https:\/\/www.laprovence.com\/article\/legislatives-2017\/4486118\/3e-circo-du-vaucluse-de-quoi-sera-fait-lapres-marion-marechal-le-pen.html\" target=\"_blank\" rel=\"noopener\">troisi\u00e8me circonscription de Vaucluse<\/a>, entre Carpentras, Pernes et Monteux de\u00a01986 \u00e0\u00a02012, est mort ce samedi 27\u00a0septembre 2025 en fin d\u2019apr\u00e8s-midi. Il \u00e9tait mari\u00e9 et p\u00e8re d\u2019une fille. Selon nos informations, Jean-Michel Ferrand \u00e9tait hospitalis\u00e9 depuis plusieurs jours apr\u00e8s un accident. Il s\u2019est \u00e9teint ce samedi 27\u00a0septembre 2025 dans l\u2019apr\u00e8s-midi \u00e0 l\u2019\u00e2ge de 83\u00a0ans.<\/p>\n<p>Conseiller d\u00e9partemental &#8211; \u00e0 l\u2019\u00e9poque on disait conseiller g\u00e9n\u00e9ral -, adjoint au maire UDF de Carpentras Maurice Charretier dans les ann\u00e9es quatre-vingts, Jean-Michel Ferrand aura r\u00e9alis\u00e9 cinq mandats de d\u00e9put\u00e9 sous les couleurs du RPR et de l\u2019UMP entre 1986 et 2012.<\/p>\n<p>V\u00e9ritable personnage, tr\u00e8s influent dans le d\u00e9partement, cet ancien enseignant avait su se faire appr\u00e9cier et d\u00e9passer les clivages politiques. \u00ab\u00a0Jean-Michel Ferrand, c\u2019\u00e9tait un vrai r\u00e9publicain, se souvient, ce samedi, Francis Adolphe, ancien maire de Carpentras sous les couleurs du PS (2008-2018).\u00a0Il avait des valeurs r\u00e9publicaines. Je n\u2019ai jamais eu de probl\u00e8mes pour travailler avec lui. Il savait faire la diff\u00e9rence. Il avait \u00e9norm\u00e9ment d\u2019humour et de culture.\u00a0\u00bb<\/p>\n<p>L\u2019ancien maire de Carpentras garde en t\u00eate la campagne des l\u00e9gislatives de\u00a02012 \u00e0 <a href=\"https:\/\/www.laprovence.com\/vaucluse\/carpentras-84031\" target=\"_blank\" rel=\"noopener\">Carpentras<\/a> dans la 3e circonscription quand le d\u00e9put\u00e9 UMP s\u2019\u00e9tait retrouv\u00e9 face \u00e0 la petite-fille du FN Jean-Marie Le Pen, Marion Mar\u00e9chal. D\u00e9fait par celle qui allait devenir la plus jeune d\u00e9put\u00e9e de France \u00e0 22\u00a0ans, Jean-Michel Ferrand s\u2019\u00e9tait retir\u00e9 peu \u00e0 peu de la vie politique et ses apparitions \u00e9taient devenues rares.<\/p>\n<p>La date de ses obs\u00e8ques n\u2019est pas encore connue.<\/p>\n","protected":false},"excerpt":{"rendered":"Jean-Michel Ferrand, d\u00e9put\u00e9 de droite r\u00e9publicaine dans la troisi\u00e8me circonscription de Vaucluse, entre Carpentras, Pernes et Monteux de\u00a01986&hellip;\n","protected":false},"author":2,"featured_media":422494,"comment_status":"","ping_status":"","sticky":false,"template":"","format":"standard","meta":{"footnotes":""},"categories":[2],"tags":[17,11,422,932,9375,1011,27,40871,24991,18,12,16,4520],"class_list":{"0":"post-422493","1":"post","2":"type-post","3":"status-publish","4":"format-standard","5":"has-post-thumbnail","7":"category-actualites","8":"tag-17","9":"tag-actualites","10":"tag-depute","11":"tag-est","12":"tag-ferrand","13":"tag-fr","14":"tag-france","15":"tag-jean-michel","16":"tag-lancien","17":"tag-mort","18":"tag-news","19":"tag-region","20":"tag-vaucluse"},"share_on_mastodon":{"url":"https:\/\/pubeurope.com\/@fr\/115278851812637797","error":""},"_links":{"self":[{"href":"https:\/\/www.europesays.com\/fr\/wp-json\/wp\/v2\/posts\/422493","targetHints":{"allow":["GET"]}}],"collection":[{"href":"https:\/\/www.europesays.com\/fr\/wp-json\/wp\/v2\/posts"}],"about":[{"href":"https:\/\/www.europesays.com\/fr\/wp-json\/wp\/v2\/types\/post"}],"author":[{"embeddable":true,"href":"https:\/\/www.europesays.com\/fr\/wp-json\/wp\/v2\/users\/2"}],"replies":[{"embeddable":true,"href":"https:\/\/www.europesays.com\/fr\/wp-json\/wp\/v2\/comments?post=422493"}],"version-history":[{"count":0,"href":"https:\/\/www.europesays.com\/fr\/wp-json\/wp\/v2\/posts\/422493\/revisions"}],"wp:featuredmedia":[{"embeddable":true,"href":"https:\/\/www.europesays.com\/fr\/wp-json\/wp\/v2\/media\/422494"}],"wp:attachment":[{"href":"https:\/\/www.europesays.com\/fr\/wp-json\/wp\/v2\/media?parent=422493"}],"wp:term":[{"taxonomy":"category","embeddable":true,"href":"https:\/\/www.europesays.com\/fr\/wp-json\/wp\/v2\/categories?post=422493"},{"taxonomy":"post_tag","embeddable":true,"href":"https:\/\/www.europesays.com\/fr\/wp-json\/wp\/v2\/tags?post=422493"}],"curies":[{"name":"wp","href":"https:\/\/api.w.org\/{rel}","templated":true}]}}