{"id":422511,"date":"2025-09-27T23:47:32","date_gmt":"2025-09-27T23:47:32","guid":{"rendered":"https:\/\/www.europesays.com\/fr\/422511\/"},"modified":"2025-09-27T23:47:32","modified_gmt":"2025-09-27T23:47:32","slug":"tout-un-quartier-de-strasbourg-pietonnise-ce-dimanche-voici-la-zone-concernee","status":"publish","type":"post","link":"https:\/\/www.europesays.com\/fr\/422511\/","title":{"rendered":"Tout un quartier de Strasbourg pi\u00e9tonnis\u00e9 ce dimanche : voici la zone concern\u00e9e"},"content":{"rendered":"<p>            Par<br \/>\n        <strong><br \/>\n            <a href=\"https:\/\/actu.fr\/auteur\/thomas-blanc\" title=\"Consulter tous les articles de Thomas Blanc\" rel=\"nofollow noopener\" target=\"_blank\">Thomas Blanc<\/a><br \/>\n        <\/strong><\/p>\n<p>        Publi\u00e9 le<\/p>\n<p>            26 sept. 2025 \u00e0 13h34        <\/p>\n<p>Qui n\u2019a pas envie de se <strong>d\u00e9gourdir les jambes<\/strong> \u00e0 l\u2019ext\u00e9rieur apr\u00e8s une semaine marqu\u00e9e par une tr\u00e8s mauvaise m\u00e9t\u00e9o\u2009? L\u2019occasion parfaite pour cela\u2009est de se rendre \u00e0 l\u2019\u00e9v\u00e8nement \u00ab\u2009<a href=\"https:\/\/www.facebook.com\/events\/1060636969564048?locale=fr_FR\" rel=\"nofollow noopener\" target=\"_blank\">Sans voiture Simone\u2009!<\/a> \u00bb organis\u00e9 par la Ville de <a href=\"https:\/\/actu.fr\/strasbourg\/\" rel=\"nofollow noopener\" target=\"_blank\">Strasbourg<\/a> chaque ann\u00e9e depuis 2023.<\/p>\n<p class=\" wall-content\">Cette fois-ci, il prendra place \u00e0 la <strong>Montagne Verte,<\/strong> ce dimanche 28\u00a0septembre de 10h \u00e0 18h.<\/p>\n<p class=\" wall-content\">L\u2019\u00e9v\u00e8nement qui porte bien son nom <strong>interdira aux v\u00e9hicules motoris\u00e9s<\/strong> d\u2019emprunter plusieurs rues dans le quartier pour laisser place \u00e0 diverses animations.<\/p>\n<p>Pas de circulation automobile ce dimanche<\/p>\n<p class=\" wall-content\">Plus pr\u00e9cis\u00e9ment, c\u2019est la <strong>place d\u2019Ostwald<\/strong> qui sera le c\u0153ur battant de cette journ\u00e9e 100\u2009% d\u00e9di\u00e9e aux mobilit\u00e9s douces.<\/p>\n<p class=\" wall-content\">La promesse de la Ville \u00e0 propos de cette journ\u00e9e est de permettre \u00ab\u2009aux habitants et usagers du quartier de se r\u00e9approprier l\u2019espace public\u2009\u00bb habituellement largement occup\u00e9 par les v\u00e9hicules motoris\u00e9s.<\/p>\n<p class=\" wall-content\"><a href=\"https:\/\/www.instagram.com\/p\/DMX-jIAtUn7\/embed\" title=\"Ouvrir le lien sur Instagram\" rel=\"nofollow noopener\" target=\"_blank\">Visualiser le contenu sur Instagram<\/a><\/p>\n<p class=\" wall-content\">L\u2019op\u00e9ration \u00ab\u2009Sans voiture Simone !\u00bb est <strong>gratuite<\/strong> et ouverte \u00e0 tous. Les visiteurs de tous les \u00e2ges pourront partager des moments en famille ou entre amis autour de <strong>jeux de soci\u00e9t\u00e9 et de jeux en bois<\/strong>.<\/p>\n<p>Des concerts et des transats sur la place d\u2019Oswald<\/p>\n<p class=\" wall-content\">Au programme \u00e9galement, <strong>cinq sc\u00e8nes musicales et quatre spectacles<\/strong> entre 11h30 et 17h.<\/p>\n<p>Votre r\u00e9gion, votre actu !<\/p>\n<p>Recevez chaque jour les infos qui comptent pour vous.<\/p>\n<p>\t<a href=\"https:\/\/actu.fr\/newsletter\" class=\"ac-btn ac-btn--corner ac-btn--medium ac-btn--blue800\" rel=\"nofollow noopener\" target=\"_blank\">S&rsquo;incrire<\/a><\/p>\n<blockquote class=\"ac-article-quote wall-content\">\n<p>La journ\u00e9e sera ponctu\u00e9e de concerts et de d\u00e9ambulations dans les rues du quartier, que l\u2019on pourra \u00e9couter en s\u2019installant confortablement dans l\u2019un des transats de l\u2019espace de d\u00e9tente, [&#8230;] autour d\u2019une table de banquet, en d\u00e9gustant les plats, desserts ou glaces propos\u00e9s par les nombreux foodtrucks pr\u00e9sents pour l\u2019occasion.<\/p>\n<p>    <strong>Mairie de Strasbourg<\/strong>\n            <\/p><\/blockquote>\n<p>    <img   decoding=\"async\" loading=\"lazy\" src=\"https:\/\/www.europesays.com\/fr\/wp-content\/uploads\/2025\/09\/capture-decran-2025-09-26-115240-960x640.png\" alt=\"Le programme des concerts et spectacles de l'op\u00e9ration \" width=\"960\" height=\"640\"\/><br \/>\n    Le programme des concerts et spectacles de l\u2019op\u00e9ration \u00ab\u2009Sans voiture Simone\u2009\u00bb ce dimanche sur la place d\u2019Ostwald. (\u00a9Ville de Strasbourg)<\/p>\n<p class=\" wall-content\">Pour acc\u00e9der au programme complet des animations, <a href=\"https:\/\/www.strasbourg.eu\/documents\/d\/strasbourg.eu\/sans_voiture_simone_a5_programme_2025_bd-pdf\" rel=\"nofollow noopener\" target=\"_blank\">rendez-vous sur ce lien<\/a>.<\/p>\n<p>Des restrictions de circulation importantes<\/p>\n<p class=\" wall-content\">L\u2019\u00e9v\u00e8nement \u00e9tant interdit aux v\u00e9hicules motoris\u00e9s, des \u00ab\u2009mesures de s\u00e9curit\u00e9\u2009\u00bb seront mises en place.<\/p>\n<p class=\" wall-content\">Il sera donc <strong>interdit de circuler<\/strong> dans le secteur de la place d\u2019Ostwald et de la route de Schirmeck le dimanche 28\u00a0septembre 2025 de 8h \u00e0 20h.<\/p>\n<p class=\" wall-content\">La mairie de Strasbourg pr\u00e9cise \u00e9galement que \u00ab\u2009<strong>le stationnement sera interdit<\/strong> et qualifi\u00e9 de g\u00eanant aux emplacements mat\u00e9rialis\u00e9s par des panneaux\u2009\u00bb et cela d\u00e8s ce vendredi 26\u00a0septembre \u00e0 8h jusqu\u2019au lundi 29\u00a0septembre 2025 \u00e0 12h00.<\/p>\n<p class=\" wall-content\"><strong>Les zones concern\u00e9es<\/strong> sont\u2009:<\/p>\n<ul class=\" wall-content\">\n<li>La route de Schirmeck, entre la rue du Roethig et le 223 route de Schirmeck (entre l\u2019impasse de Duppigheim et l\u2019acc\u00e8s au Pro Inter),<\/li>\n<li>La place d\u2019Ostwald (y compris placette devant la mosqu\u00e9e),<\/li>\n<li>La rue d\u2019Ostwald, de la place d\u2019Ostwald \u00e0 la rue du Scharrach,<\/li>\n<li>La rue de Kolbsheim,<\/li>\n<li>La rue de Balbronn de la rue d\u2019Ostwald \u00e0 la rue de Flexbourg.<\/li>\n<\/ul>\n<p>Sans voiture Simone<br \/>Gratuit<br \/>Place d\u2019Ostwald, Strasbourg<br \/>Dimanche 28\u00a0septembre 10h-18h<\/p>\n<p class=\" wall-content\">Personnalisez votre actualit\u00e9 en ajoutant vos villes et m\u00e9dias en favori avec <a href=\"https:\/\/moncompte.actu.fr\" title=\"D\u00e9couvez Mon Actu\" rel=\"nofollow noopener\" data-trk=\"{&quot;cta&quot;:{&quot;action&quot;:&quot;https:\\\/\\\/moncompte.actu.fr&quot;,&quot;category&quot;:&quot;mon compte&quot;,&quot;from&quot;:&quot;article footer&quot;,&quot;name&quot;:&quot;Mon actu&quot;,&quot;type&quot;:&quot;cta&quot;}}\" target=\"_blank\">Mon Actu<\/a>.<\/p>\n<p>                    <script async src=\"\/\/www.instagram.com\/embed.js\"><\/script><\/p>\n","protected":false},"excerpt":{"rendered":"Par Thomas Blanc Publi\u00e9 le 26 sept. 2025 \u00e0 13h34 Qui n\u2019a pas envie de se d\u00e9gourdir les&hellip;\n","protected":false},"author":2,"featured_media":422512,"comment_status":"","ping_status":"","sticky":false,"template":"","format":"standard","meta":{"footnotes":""},"categories":[2820],"tags":[1111,11,646,1697,1777,674,1011,27,775,1652,12,25,640,2803],"class_list":{"0":"post-422511","1":"post","2":"type-post","3":"status-publish","4":"format-standard","5":"has-post-thumbnail","7":"category-strasbourg","8":"tag-actu","9":"tag-actualites","10":"tag-automobile","11":"tag-concert","12":"tag-eu","13":"tag-europe","14":"tag-fr","15":"tag-france","16":"tag-grand-est","17":"tag-loisirs-culture","18":"tag-news","19":"tag-republique-francaise","20":"tag-strasbourg","21":"tag-transport"},"share_on_mastodon":{"url":"https:\/\/pubeurope.com\/@fr\/115278934860198355","error":""},"_links":{"self":[{"href":"https:\/\/www.europesays.com\/fr\/wp-json\/wp\/v2\/posts\/422511","targetHints":{"allow":["GET"]}}],"collection":[{"href":"https:\/\/www.europesays.com\/fr\/wp-json\/wp\/v2\/posts"}],"about":[{"href":"https:\/\/www.europesays.com\/fr\/wp-json\/wp\/v2\/types\/post"}],"author":[{"embeddable":true,"href":"https:\/\/www.europesays.com\/fr\/wp-json\/wp\/v2\/users\/2"}],"replies":[{"embeddable":true,"href":"https:\/\/www.europesays.com\/fr\/wp-json\/wp\/v2\/comments?post=422511"}],"version-history":[{"count":0,"href":"https:\/\/www.europesays.com\/fr\/wp-json\/wp\/v2\/posts\/422511\/revisions"}],"wp:featuredmedia":[{"embeddable":true,"href":"https:\/\/www.europesays.com\/fr\/wp-json\/wp\/v2\/media\/422512"}],"wp:attachment":[{"href":"https:\/\/www.europesays.com\/fr\/wp-json\/wp\/v2\/media?parent=422511"}],"wp:term":[{"taxonomy":"category","embeddable":true,"href":"https:\/\/www.europesays.com\/fr\/wp-json\/wp\/v2\/categories?post=422511"},{"taxonomy":"post_tag","embeddable":true,"href":"https:\/\/www.europesays.com\/fr\/wp-json\/wp\/v2\/tags?post=422511"}],"curies":[{"name":"wp","href":"https:\/\/api.w.org\/{rel}","templated":true}]}}