{"id":422513,"date":"2025-09-27T23:48:16","date_gmt":"2025-09-27T23:48:16","guid":{"rendered":"https:\/\/www.europesays.com\/fr\/422513\/"},"modified":"2025-09-27T23:48:16","modified_gmt":"2025-09-27T23:48:16","slug":"on-doit-etre-plus-consistant-et-plus-regulier-en-defense","status":"publish","type":"post","link":"https:\/\/www.europesays.com\/fr\/422513\/","title":{"rendered":"On doit \u00eatre plus consistant et plus r\u00e9gulier en d\u00e9fense"},"content":{"rendered":"<p class=\"chapo\">Coach J\u0101nis Gail\u012btis et William Pfister reviennent sur la d\u00e9faite lors de la de la premi\u00e8re journ\u00e9e de Betclic \u00c9lite<\/p>\n<p class=\"chapo\">\u00a0<\/p>\n<p><strong>J\u0101nis Gail\u012btis :<\/strong> \u00ab\u00a0La premi\u00e8re mi-temps n\u2019\u00e9tait pas parfaite, mais c\u2019est surtout au d\u00e9but de la deuxi\u00e8me que l\u2019on a montr\u00e9 des fragilit\u00e9s. Ce n\u2019\u00e9tait tout simplement pas assez aujourd\u2019hui. Nous avons beaucoup de joueurs qui d\u00e9couvrent cette ligue et nous avons Abdoulaye Ndoye qui est seulement pr\u00e9sent depuis une semaine. Nous avons besoin d\u2019encore un petit peu de temps pour \u00e9lever le niveau. Les jeunes vont avoir de grands r\u00f4les. Nous attendons \u00e9galement du leadership. Nous avons perdu des rebonds, mais nous avons surtout \u00e9t\u00e9 trop lent dans la r\u00e9flexion, la prise de d\u00e9cision. En d\u00e9fense, nous n\u2019\u00e9tions pas suffisamment sur les lignes de passe. Nous aurions pu \u00eatre plus intelligents et plus disciplin\u00e9s. On doit \u00eatre plus consistant et plus r\u00e9gulier en d\u00e9fense. C\u2019est une exp\u00e9rience. Peu importe si on gagne ou si on perd, on en retire toujours de l\u2019exp\u00e9rience.\u00a0\u00bb<br \/>\n<strong>William Pfister :<\/strong> \u00ab\u00a0On a manqu\u00e9 d\u2019intensit\u00e9 et d\u2019\u00e9nergie en deuxi\u00e8me mi-temps. M\u00eame en premi\u00e8re mi-temps, nous encaissons trop de points. Ils ont marqu\u00e9 plus de 50 points \u00e0 la pause et ce n\u2019est pas normal. Il y a un process qui est en cours, mais qui n\u2019est pas encore en place \u00e0 100 %. On va r\u00e9gler les diff\u00e9rents probl\u00e8mes. Ce n\u2019est pas inqui\u00e9tant. La saison est longue, on a un nouvel effectif, une philosophie de jeu \u00e0 adopter. On a une bonne semaine de travail pour rectifier le tir. Il faut commencer par l\u2019intensit\u00e9, les efforts et l\u2019\u00e9nergie qu\u2019on met.\u00a0\u00bb<\/p>\n<p>\u00a0<\/p>\n","protected":false},"excerpt":{"rendered":"Coach J\u0101nis Gail\u012btis et William Pfister reviennent sur la d\u00e9faite lors de la de la premi\u00e8re journ\u00e9e de&hellip;\n","protected":false},"author":2,"featured_media":422514,"comment_status":"","ping_status":"","sticky":false,"template":"","format":"standard","meta":{"footnotes":""},"categories":[2820],"tags":[1111,11,3146,1777,674,1011,27,775,3145,12,25,3144,640],"class_list":{"0":"post-422513","1":"post","2":"type-post","3":"status-publish","4":"format-standard","5":"has-post-thumbnail","7":"category-strasbourg","8":"tag-actu","9":"tag-actualites","10":"tag-betclic-elite","11":"tag-eu","12":"tag-europe","13":"tag-fr","14":"tag-france","15":"tag-grand-est","16":"tag-lnb","17":"tag-news","18":"tag-republique-francaise","19":"tag-sig","20":"tag-strasbourg"},"share_on_mastodon":{"url":"https:\/\/pubeurope.com\/@fr\/115278938371309205","error":""},"_links":{"self":[{"href":"https:\/\/www.europesays.com\/fr\/wp-json\/wp\/v2\/posts\/422513","targetHints":{"allow":["GET"]}}],"collection":[{"href":"https:\/\/www.europesays.com\/fr\/wp-json\/wp\/v2\/posts"}],"about":[{"href":"https:\/\/www.europesays.com\/fr\/wp-json\/wp\/v2\/types\/post"}],"author":[{"embeddable":true,"href":"https:\/\/www.europesays.com\/fr\/wp-json\/wp\/v2\/users\/2"}],"replies":[{"embeddable":true,"href":"https:\/\/www.europesays.com\/fr\/wp-json\/wp\/v2\/comments?post=422513"}],"version-history":[{"count":0,"href":"https:\/\/www.europesays.com\/fr\/wp-json\/wp\/v2\/posts\/422513\/revisions"}],"wp:featuredmedia":[{"embeddable":true,"href":"https:\/\/www.europesays.com\/fr\/wp-json\/wp\/v2\/media\/422514"}],"wp:attachment":[{"href":"https:\/\/www.europesays.com\/fr\/wp-json\/wp\/v2\/media?parent=422513"}],"wp:term":[{"taxonomy":"category","embeddable":true,"href":"https:\/\/www.europesays.com\/fr\/wp-json\/wp\/v2\/categories?post=422513"},{"taxonomy":"post_tag","embeddable":true,"href":"https:\/\/www.europesays.com\/fr\/wp-json\/wp\/v2\/tags?post=422513"}],"curies":[{"name":"wp","href":"https:\/\/api.w.org\/{rel}","templated":true}]}}