{"id":422522,"date":"2025-09-27T23:53:29","date_gmt":"2025-09-27T23:53:29","guid":{"rendered":"https:\/\/www.europesays.com\/fr\/422522\/"},"modified":"2025-09-27T23:53:29","modified_gmt":"2025-09-27T23:53:29","slug":"ce-tout-nouveau-festival-va-investir-la-place-des-quinconces-a-bordeaux","status":"publish","type":"post","link":"https:\/\/www.europesays.com\/fr\/422522\/","title":{"rendered":"Ce tout nouveau festival va investir la place des Quinconces \u00e0 Bordeaux"},"content":{"rendered":"<p>            Par<br \/>\n        <strong><br \/>\n            <a href=\"https:\/\/actu.fr\/auteur\/charlotte-lesprit\" title=\"Consulter tous les articles de Charlotte Lesprit\" rel=\"nofollow noopener\" target=\"_blank\">Charlotte Lesprit<\/a><br \/>\n        <\/strong><\/p>\n<p>        Publi\u00e9 le<\/p>\n<p>            25 sept. 2025 \u00e0 16h32        <\/p>\n<p>\u00ab\u2009Un tout nouveau festival d\u00e9barque<strong> les 28 et 29\u00a0ao\u00fbt 2026,<\/strong> place des Quinconces\u2009! \u2028Le drapeau est plant\u00e9, le ton est donn\u00e9\u2009: \u00e7a va \u00eatre la Pagaille\u2009\u00bb, annonce les organisateurs sur leurs r\u00e9seaux sociaux. La promesse\u2009: cr\u00e9er un \u00e9v\u00e9nement \u00ab\u2009libre et ambitieux, ancr\u00e9 dans son territoire\u2009\u00bb.<\/p>\n<p class=\" wall-content\">Pagaille est une initiative des Bordelais <a href=\"https:\/\/sauceprod.com\/a-propos\" rel=\"nofollow noopener\" target=\"_blank\">Sauce Production<\/a> et<a href=\"https:\/\/www.bleucitron.net\/filiale\/peel-productions\" rel=\"nofollow noopener\" target=\"_blank\"> Peel Production<\/a>, mais aussi de l\u2019agence C\u00f4te Ouest, avec le soutien de la Ville de <a href=\"https:\/\/actu.fr\/bordeaux\/\" rel=\"nofollow noopener\" target=\"_blank\">Bordeaux<\/a> et de la <a href=\"https:\/\/actu.fr\/tag\/bordeaux-metropole\" rel=\"nofollow noopener\" target=\"_blank\">M\u00e9tropole<\/a>.<\/p>\n<p>\u00ab\u2009Bordeaux va chanter\u2009\u00bb<\/p>\n<p class=\" wall-content\">Pour ce qui est de la programmation, qui s\u2019annonce \u00ab\u2009\u00e9clectique\u2009\u00bb, il faudra en revanche attendre encore un peu car cette derni\u00e8re sera d\u00e9voil\u00e9e \u00ab\u2009d\u2019ici la fin d\u2019ann\u00e9e\u2009\u00bb au moment de l\u2019ouverture de la billetterie en ligne. Si les noms ne sont pas encore connus, on sait en revanche que \u00ab\u2009Bordeaux va chanter\u2009\u00bb lors de ce tout nouveau festival de musiques actuelles et que des artistes fran\u00e7ais seront bien pr\u00e9sents.<\/p>\n<p class=\" wall-content\"><a href=\"https:\/\/www.instagram.com\/reel\/DPA8PLVijNT\/embed\" title=\"Ouvrir le lien sur Instagram\" rel=\"nofollow noopener\" target=\"_blank\">Visualiser le contenu sur Instagram<\/a><\/p>\n<p class=\" wall-content\">Par ailleurs, les organisateurs mentionnent souhaiter \u00eatre <strong>\u00ab\u2009un levier de dynamisme local\u2009\u00bb<\/strong> et \u00ab\u2009d\u2019inclusion\u2009\u00bb. \u00ab\u2009Nous souhaitons cr\u00e9er une exp\u00e9rience durable, respectueuse de l\u2019environnement et qui repr\u00e9sente la diversit\u00e9 culturelle sous toutes ses formes.\u2009\u00bb<\/p>\n<p>Plus de renseignements sur <a href=\"https:\/\/pagaille-festival.fr\/\" rel=\"nofollow noopener\" target=\"_blank\">le site de l\u2019\u00e9v\u00e9nement<\/a>.<\/p>\n<p class=\" wall-content\">Personnalisez votre actualit\u00e9 en ajoutant vos villes et m\u00e9dias en favori avec <a href=\"https:\/\/moncompte.actu.fr\" title=\"D\u00e9couvez Mon Actu\" rel=\"nofollow noopener\" data-trk=\"{&quot;cta&quot;:{&quot;action&quot;:&quot;https:\\\/\\\/moncompte.actu.fr&quot;,&quot;category&quot;:&quot;mon compte&quot;,&quot;from&quot;:&quot;article footer&quot;,&quot;name&quot;:&quot;Mon actu&quot;,&quot;type&quot;:&quot;cta&quot;}}\" target=\"_blank\">Mon Actu<\/a>.<\/p>\n<p>                    <script async src=\"\/\/www.instagram.com\/embed.js\"><\/script><\/p>\n","protected":false},"excerpt":{"rendered":"Par Charlotte Lesprit Publi\u00e9 le 25 sept. 2025 \u00e0 16h32 \u00ab\u2009Un tout nouveau festival d\u00e9barque les 28 et&hellip;\n","protected":false},"author":2,"featured_media":422523,"comment_status":"","ping_status":"","sticky":false,"template":"","format":"standard","meta":{"footnotes":""},"categories":[2817],"tags":[1111,11,1997,2904,1697,1777,674,849,1011,27,1652,873,12,2219,25],"class_list":{"0":"post-422522","1":"post","2":"type-post","3":"status-publish","4":"format-standard","5":"has-post-thumbnail","7":"category-bordeaux","8":"tag-actu","9":"tag-actualites","10":"tag-bordeaux","11":"tag-bordeaux-metropole","12":"tag-concert","13":"tag-eu","14":"tag-europe","15":"tag-festival","16":"tag-fr","17":"tag-france","18":"tag-loisirs-culture","19":"tag-musique","20":"tag-news","21":"tag-nouvelle-aquitaine","22":"tag-republique-francaise"},"share_on_mastodon":{"url":"https:\/\/pubeurope.com\/@fr\/115278957996449869","error":""},"_links":{"self":[{"href":"https:\/\/www.europesays.com\/fr\/wp-json\/wp\/v2\/posts\/422522","targetHints":{"allow":["GET"]}}],"collection":[{"href":"https:\/\/www.europesays.com\/fr\/wp-json\/wp\/v2\/posts"}],"about":[{"href":"https:\/\/www.europesays.com\/fr\/wp-json\/wp\/v2\/types\/post"}],"author":[{"embeddable":true,"href":"https:\/\/www.europesays.com\/fr\/wp-json\/wp\/v2\/users\/2"}],"replies":[{"embeddable":true,"href":"https:\/\/www.europesays.com\/fr\/wp-json\/wp\/v2\/comments?post=422522"}],"version-history":[{"count":0,"href":"https:\/\/www.europesays.com\/fr\/wp-json\/wp\/v2\/posts\/422522\/revisions"}],"wp:featuredmedia":[{"embeddable":true,"href":"https:\/\/www.europesays.com\/fr\/wp-json\/wp\/v2\/media\/422523"}],"wp:attachment":[{"href":"https:\/\/www.europesays.com\/fr\/wp-json\/wp\/v2\/media?parent=422522"}],"wp:term":[{"taxonomy":"category","embeddable":true,"href":"https:\/\/www.europesays.com\/fr\/wp-json\/wp\/v2\/categories?post=422522"},{"taxonomy":"post_tag","embeddable":true,"href":"https:\/\/www.europesays.com\/fr\/wp-json\/wp\/v2\/tags?post=422522"}],"curies":[{"name":"wp","href":"https:\/\/api.w.org\/{rel}","templated":true}]}}