{"id":422524,"date":"2025-09-27T23:54:12","date_gmt":"2025-09-27T23:54:12","guid":{"rendered":"https:\/\/www.europesays.com\/fr\/422524\/"},"modified":"2025-09-27T23:54:12","modified_gmt":"2025-09-27T23:54:12","slug":"previsions-du-dimanche-28-septembre-2025-2","status":"publish","type":"post","link":"https:\/\/www.europesays.com\/fr\/422524\/","title":{"rendered":"pr\u00e9visions du dimanche 28 septembre 2025"},"content":{"rendered":"<p>La ville de Bordeaux aura quelques \u00e9claircies aujourd&rsquo;hui. Les valeurs afficheront entre 14 et 24\u00b0C. Un vent de nord-est rafra\u00eechira un peu l&rsquo;atmosph\u00e8re. Le matin, on anticipe des temp\u00e9ratures d&rsquo;environ 18\u00b0C. Une m\u00e9t\u00e9o plus chaude est attendue l&rsquo;apr\u00e8s-midi \u00e9tant donn\u00e9 que les temp\u00e9ratures vont enregistrer une l\u00e9g\u00e8re augmentation. Les valeurs seront comprises entre 21 et 24\u00b0C. Le ciel va s&rsquo;\u00e9claircir dans la soir\u00e9e. Il va faire 17\u00b0C en moyenne. Pendant votre sommeil, dans la nuit de dimanche \u00e0 lundi, le ciel sera clair.<\/p>\n<p>Demain, les Bordelais vont pouvoir b\u00e9n\u00e9ficier d&rsquo;un soleil radieux. Le mercure va baisser de quelques degr\u00e9s. Les temp\u00e9ratures s&rsquo;\u00e9chelonneront entre 11 et 24\u00b0C. Un l\u00e9ger vent de nord sera ressenti par les habitants. Les valeurs seront de 17\u00b0C au cours de la matin\u00e9e. Les temp\u00e9ratures vont conna\u00eetre une hausse de plusieurs degr\u00e9s dans l&rsquo;apr\u00e8s-midi. Les valeurs afficheront entre 21\u00b0C et 24\u00b0C. Le temps devrait s&rsquo;am\u00e9liorer pendant la soir\u00e9e. Les temp\u00e9ratures avoisineront les 17\u00b0C.<\/p>\n<p>La m\u00e9t\u00e9o restera inchang\u00e9e les jours \u00e0 venir. Il va faire un temps relativement ensoleill\u00e9 avec des temp\u00e9ratures autour de 18\u00b0C.<\/p>\n<p><\/p>\n","protected":false},"excerpt":{"rendered":"La ville de Bordeaux aura quelques \u00e9claircies aujourd&rsquo;hui. Les valeurs afficheront entre 14 et 24\u00b0C. Un vent de&hellip;\n","protected":false},"author":2,"featured_media":422525,"comment_status":"","ping_status":"","sticky":false,"template":"","format":"standard","meta":{"footnotes":""},"categories":[2817],"tags":[1111,11,1997,1777,674,1011,27,12,2219,2119,25],"class_list":{"0":"post-422524","1":"post","2":"type-post","3":"status-publish","4":"format-standard","5":"has-post-thumbnail","7":"category-bordeaux","8":"tag-actu","9":"tag-actualites","10":"tag-bordeaux","11":"tag-eu","12":"tag-europe","13":"tag-fr","14":"tag-france","15":"tag-news","16":"tag-nouvelle-aquitaine","17":"tag-previsions-meteo","18":"tag-republique-francaise"},"share_on_mastodon":{"url":"https:\/\/pubeurope.com\/@fr\/115278963882371026","error":""},"_links":{"self":[{"href":"https:\/\/www.europesays.com\/fr\/wp-json\/wp\/v2\/posts\/422524","targetHints":{"allow":["GET"]}}],"collection":[{"href":"https:\/\/www.europesays.com\/fr\/wp-json\/wp\/v2\/posts"}],"about":[{"href":"https:\/\/www.europesays.com\/fr\/wp-json\/wp\/v2\/types\/post"}],"author":[{"embeddable":true,"href":"https:\/\/www.europesays.com\/fr\/wp-json\/wp\/v2\/users\/2"}],"replies":[{"embeddable":true,"href":"https:\/\/www.europesays.com\/fr\/wp-json\/wp\/v2\/comments?post=422524"}],"version-history":[{"count":0,"href":"https:\/\/www.europesays.com\/fr\/wp-json\/wp\/v2\/posts\/422524\/revisions"}],"wp:featuredmedia":[{"embeddable":true,"href":"https:\/\/www.europesays.com\/fr\/wp-json\/wp\/v2\/media\/422525"}],"wp:attachment":[{"href":"https:\/\/www.europesays.com\/fr\/wp-json\/wp\/v2\/media?parent=422524"}],"wp:term":[{"taxonomy":"category","embeddable":true,"href":"https:\/\/www.europesays.com\/fr\/wp-json\/wp\/v2\/categories?post=422524"},{"taxonomy":"post_tag","embeddable":true,"href":"https:\/\/www.europesays.com\/fr\/wp-json\/wp\/v2\/tags?post=422524"}],"curies":[{"name":"wp","href":"https:\/\/api.w.org\/{rel}","templated":true}]}}