{"id":42253,"date":"2025-04-21T19:51:11","date_gmt":"2025-04-21T19:51:11","guid":{"rendered":"https:\/\/www.europesays.com\/fr\/42253\/"},"modified":"2025-04-21T19:51:11","modified_gmt":"2025-04-21T19:51:11","slug":"miller-a-ete-surpris-par-denormes-vibrations-avant-sa-chute","status":"publish","type":"post","link":"https:\/\/www.europesays.com\/fr\/42253\/","title":{"rendered":"Miller a \u00e9t\u00e9 surpris par d&rsquo;\u00e9normes vibrations avant sa chute"},"content":{"rendered":"<p><a href=\"https:\/\/fr.motorsport.com\/driver\/jack-miller\/96423\/\" target=\"_blank\" rel=\"noopener\">Jack Miller<\/a> a pass\u00e9 une semaine pour le moins compliqu\u00e9e au Qatar. Elle a commenc\u00e9 par une intoxication alimentaire, qui l&rsquo;a tellement affaibli qu&rsquo;il s&rsquo;est pos\u00e9 la question de sa participation au Grand Prix. Finalement bel et bien en piste d\u00e8s vendredi, l&rsquo;Australien a cumul\u00e9 les ennuis.<\/p>\n<p>Apr\u00e8s deux premi\u00e8res chutes d\u00e8s vendredi, il s&rsquo;est retrouv\u00e9 hors de la Q2 puis a d\u00e9croch\u00e9 sa plus faible qualification de ce d\u00e9but de championnat. Il s&rsquo;est alors class\u00e9 \u00e0 une lointaine 19e place lors du sprint, \u00e0 20 secondes du vainqueur. Mais une conclusion plus d\u00e9cevante encore l&rsquo;attendait pour la derni\u00e8re journ\u00e9e puisque la course principale s&rsquo;est termin\u00e9e pour lui dans les graviers d\u00e8s le neuvi\u00e8me tour.<\/p>\n<p>Dans un style assez inimitable, Miller a alors expliqu\u00e9 avoir \u00e9t\u00e9 surpris par le changement de comportement de sa Yamaha, dont les fortes vibrations soudainement apparues l&rsquo;ont violemment secou\u00e9 avant qu&rsquo;il perde le contr\u00f4le.<\/p>\n<p>\u00ab\u00a0Dans le tour qui a pr\u00e9c\u00e9d\u00e9 ma chute, j&rsquo;avais pris mon rythme et je me sentais bien. J&rsquo;avais rattrap\u00e9 un groupe et je me sentais \u00e0 l&rsquo;aise\u00a0\u00bb, a-t-il relat\u00e9 apr\u00e8s la course. \u00ab\u00a0J&rsquo;avais d\u00e9j\u00e0 chang\u00e9 de cartographie, j&rsquo;avais le sentiment de plut\u00f4t bien g\u00e9rer le pneu. Puis, juste avant de tomber, dans ce qui aurait \u00e9t\u00e9 mon meilleur tour de la course, je suis entr\u00e9 dans le virage 15, sur la gauche, et la moto s&rsquo;est alors mise \u00e0 vibrer comme une folle de l&rsquo;arri\u00e8re. \u00c0 tel point que mes deux jambes se sont soulev\u00e9es\u00a0!\u00a0\u00bb<\/p>\n<p>\u00ab\u00a0J&rsquo;ai compl\u00e8tement loup\u00e9 la sortie du virage, je n&rsquo;ai m\u00eame pas eu besoin de passer la quatri\u00e8me pour le dernier virage vu combien j&rsquo;\u00e9tais lent\u00a0\u2013\u00a0m\u00eame si j&rsquo;ai quand m\u00eame fait 1&rsquo;53&Prime;9 [dans le tour]. Mart\u00edn m&rsquo;a d\u00e9pass\u00e9, donc je me suis retrouv\u00e9 derri\u00e8re lui pour le premier virage. Mais d\u00e8s que j&rsquo;ai abord\u00e9 le virage 2, la fois suivante o\u00f9 je rebasculais sur le c\u00f4t\u00e9 gauche, \u00e7a a recommenc\u00e9 \u00e0 vibrer comme pas possible !\u00a0\u00bb<\/p>\n<p>\u00ab\u00a0J&rsquo;ai perdu l&rsquo;avant, je me suis rattrap\u00e9 sur le coude, j&rsquo;ai redress\u00e9 la moto et quand j&rsquo;ai voulu la faire plonger \u00e0 nouveau, elle a recommenc\u00e9 \u00e0 vibrer. Sauf qu&rsquo;\u00e0 ce moment-l\u00e0, j&rsquo;\u00e9tais sur la partie sale, \u00e0 l&rsquo;ext\u00e9rieur, et elle m&rsquo;a \u00e9chapp\u00e9.\u00a0\u00bb<\/p>\n<p>Lire aussi :<\/p>\n<p>Des secousses sans explication \u00e9vidente<\/p>\n<p>\u00ab\u00a0On dirait que les deux fois o\u00f9 j&rsquo;ai touch\u00e9 le c\u00f4t\u00e9 gauche du pneu, il a fait n&rsquo;importe quoi. C&rsquo;\u00e9tait comme s&rsquo;il s&rsquo;\u00e9tait juste mis \u00e0 vibrer et comme si la roue se d\u00e9robait sous la moto\u00a0\u00bb, a d\u00e9crit le pilote Pramac Racing, incapable toutefois de trouver une explication logique \u00e0 ce soudain changement de comportement de sa moto. Son \u00e9quipe indiquait vouloir enqu\u00eater pour faire la lumi\u00e8re sur ce qui a pu provoquer cet incident.<\/p>\n<p>\u00ab\u00a0On l&rsquo;a tr\u00e8s bien vu sur les donn\u00e9es entre un tour et l&rsquo;autre, c&rsquo;est tr\u00e8s clair\u00a0\u00bb, a pr\u00e9cis\u00e9 Miller. \u00ab\u00a0Pourquoi\u00a0?\u00a0On ne sait pas. L&rsquo;apparence du pneu \u00e9tait tr\u00e8s bonne. Ils ont pu voir que la fa\u00e7on dont j&rsquo;avais fait travailler le pneu \u00e9tait tr\u00e8s bonne, tout semblait bien aller.\u00a0\u00bb<\/p>\n<p>\u00ab\u00a0On ne comprend tout simplement pas pourquoi, si quelque chose a cass\u00e9 dans la moto ou quoi pour causer ces vibrations, si c&rsquo;est la selle qui penchait ou quelque chose comme \u00e7a. On va essayer d&rsquo;en savoir plus. Comme je l&rsquo;ai dit, j&rsquo;ai tout simplement eu des sensations horribles d&rsquo;un tour \u00e0 l&rsquo;autre.\u00a0\u00bb<\/p>\n<p><img decoding=\"async\" class=\"sizer\" draggable=\"false\" src=\"data:image\/png;base64,iVBORw0KGgoAAAANSUhEUgAAABAAAAAJCAYAAAA7KqwyAAAAGXRFWHRTb2Z0d2FyZQBBZG9iZSBJbWFnZVJlYWR5ccllPAAAABpJREFUeNpi\/P\/\/PwMlgImBQjBqwLAwACDAAOVfAw9\/ZDvcAAAAAElFTkSuQmCC\" alt=\"\" loading=\"lazy\"\/><\/p>\n<p class=\"title\">VID\u00c9O &#8211; R\u00c9SUM\u00c9 : Les meilleurs moments du GP du Qatar<\/p>\n<p>Dans cet article<\/p>\n<p>    L\u00e9na Buffa\n<\/p>\n<p>    MotoGP\n<\/p>\n<p>    Jack Miller\n<\/p>\n<p>    Pramac Racing\n<\/p>\n<p>Soyez le premier inform\u00e9 et souscrivez aux alertes mails pour recevoir les infos en temps r\u00e9el<\/p>\n<p>    S&rsquo;abonner aux alertes de news<\/p>\n","protected":false},"excerpt":{"rendered":"Jack Miller a pass\u00e9 une semaine pour le moins compliqu\u00e9e au Qatar. Elle a commenc\u00e9 par une intoxication&hellip;\n","protected":false},"author":2,"featured_media":42254,"comment_status":"","ping_status":"","sticky":false,"template":"","format":"standard","meta":{"footnotes":""},"categories":[1413],"tags":[1011,27,3596,12836,3597,1457,1456,1458,3593,60],"class_list":{"0":"post-42253","1":"post","2":"type-post","3":"status-publish","4":"format-standard","5":"has-post-thumbnail","7":"category-moto","8":"tag-fr","9":"tag-france","10":"tag-gp-du-qatar","11":"tag-jack-miller","12":"tag-losail-international-circuit","13":"tag-moto","14":"tag-motocycle","15":"tag-motogp","16":"tag-pramac-racing","17":"tag-sports"},"share_on_mastodon":{"url":"https:\/\/pubeurope.com\/@fr\/114377699031767336","error":""},"_links":{"self":[{"href":"https:\/\/www.europesays.com\/fr\/wp-json\/wp\/v2\/posts\/42253","targetHints":{"allow":["GET"]}}],"collection":[{"href":"https:\/\/www.europesays.com\/fr\/wp-json\/wp\/v2\/posts"}],"about":[{"href":"https:\/\/www.europesays.com\/fr\/wp-json\/wp\/v2\/types\/post"}],"author":[{"embeddable":true,"href":"https:\/\/www.europesays.com\/fr\/wp-json\/wp\/v2\/users\/2"}],"replies":[{"embeddable":true,"href":"https:\/\/www.europesays.com\/fr\/wp-json\/wp\/v2\/comments?post=42253"}],"version-history":[{"count":0,"href":"https:\/\/www.europesays.com\/fr\/wp-json\/wp\/v2\/posts\/42253\/revisions"}],"wp:featuredmedia":[{"embeddable":true,"href":"https:\/\/www.europesays.com\/fr\/wp-json\/wp\/v2\/media\/42254"}],"wp:attachment":[{"href":"https:\/\/www.europesays.com\/fr\/wp-json\/wp\/v2\/media?parent=42253"}],"wp:term":[{"taxonomy":"category","embeddable":true,"href":"https:\/\/www.europesays.com\/fr\/wp-json\/wp\/v2\/categories?post=42253"},{"taxonomy":"post_tag","embeddable":true,"href":"https:\/\/www.europesays.com\/fr\/wp-json\/wp\/v2\/tags?post=42253"}],"curies":[{"name":"wp","href":"https:\/\/api.w.org\/{rel}","templated":true}]}}