{"id":422532,"date":"2025-09-27T23:59:21","date_gmt":"2025-09-27T23:59:21","guid":{"rendered":"https:\/\/www.europesays.com\/fr\/422532\/"},"modified":"2025-09-27T23:59:21","modified_gmt":"2025-09-27T23:59:21","slug":"un-sexagenaire-de-vitrolles-toujours-porte-disparu-malgre-avoir-ete-apercu-grace-a-la-videosurveillance-a-marseille","status":"publish","type":"post","link":"https:\/\/www.europesays.com\/fr\/422532\/","title":{"rendered":"Un sexag\u00e9naire de Vitrolles toujours port\u00e9 disparu malgr\u00e9 avoir \u00e9t\u00e9 aper\u00e7u gr\u00e2ce \u00e0 la vid\u00e9osurveillance \u00e0 Marseille"},"content":{"rendered":"<p>Sa famille s&rsquo;inqui\u00e8te et a lanc\u00e9 un appel sur les r\u00e9seaux sociaux. Alain Clemence, 68 ans, 1,80 m, a disparu depuis ce jeudi matin 25 septembre, 10h. Il portait un pantalon beige et une veste noire.<\/p>\n<p>Selon sa fille, il a pris le bus Zen jusqu&rsquo;\u00e0 Pierre-plant\u00e9e au <a href=\"https:\/\/www.laprovence.com\/bouches-du-rhone\/vitrolles-13117\" target=\"_blank\" rel=\"noopener\">centre urbain vitrollais<\/a> puis celui de la M\u00e9tropole, qui peut aller en direction de Marseille.<\/p>\n<p>Les images de vid\u00e9osurveillance exploit\u00e9es par la police ont montr\u00e9 en effet qu&rsquo;il se trouvait \u00e0 la gare Saint-Charles de Marseille, jeudi 25 septembre \u00e0 11h. Puis il dispara\u00eet des radars.<\/p>\n<p>L&rsquo;homme n&rsquo;a aucun<a href=\"https:\/\/www.laprovence.com\/article\/faits-divers-justice\/81823119708668\/un-octogenaire-atteint-de-la-maladie-dalzheimer-secouru-avec-difficulte-dans-les-collines-des-goudes-a-marseille\" target=\"_blank\" rel=\"noopener\"> probl\u00e8me cognitif. <\/a>C&rsquo;est un homme connu \u00e0 Vitrolles : ancien combattant Opex, porte drapeau, motard embl\u00e9matique de la FFMC, membre incontournable du <a href=\"https:\/\/www.laprovence.com\/article\/politique\/4553296766939314\/candidat-ensemble-dans-la-12e-circonscription-vitrolles-axel-breton-veut-offrir-la-solution-de-la-raison\" target=\"_blank\" rel=\"noopener\">MoDem Vitrolles<\/a>. Sa famille invite ceux qui ont des renseignements \u00e0 l&rsquo;appeler au 06 03 46 00 15.<\/p>\n","protected":false},"excerpt":{"rendered":"Sa famille s&rsquo;inqui\u00e8te et a lanc\u00e9 un appel sur les r\u00e9seaux sociaux. Alain Clemence, 68 ans, 1,80 m,&hellip;\n","protected":false},"author":2,"featured_media":422533,"comment_status":"","ping_status":"","sticky":false,"template":"","format":"standard","meta":{"footnotes":""},"categories":[2814],"tags":[17,1111,11,6661,5796,1777,674,1011,27,9085,884,12,5396,882,16,25,16647,1810,14802],"class_list":{"0":"post-422532","1":"post","2":"type-post","3":"status-publish","4":"format-standard","5":"has-post-thumbnail","7":"category-marseille","8":"tag-17","9":"tag-actu","10":"tag-actualites","11":"tag-avoir","12":"tag-disparu","13":"tag-eu","14":"tag-europe","15":"tag-fr","16":"tag-france","17":"tag-malgre","18":"tag-marseille","19":"tag-news","20":"tag-porte","21":"tag-provence-alpes-cote-dazur","22":"tag-region","23":"tag-republique-francaise","24":"tag-sexagenaire","25":"tag-toujours","26":"tag-vitrolles"},"share_on_mastodon":{"url":"https:\/\/pubeurope.com\/@fr\/115278981633445292","error":""},"_links":{"self":[{"href":"https:\/\/www.europesays.com\/fr\/wp-json\/wp\/v2\/posts\/422532","targetHints":{"allow":["GET"]}}],"collection":[{"href":"https:\/\/www.europesays.com\/fr\/wp-json\/wp\/v2\/posts"}],"about":[{"href":"https:\/\/www.europesays.com\/fr\/wp-json\/wp\/v2\/types\/post"}],"author":[{"embeddable":true,"href":"https:\/\/www.europesays.com\/fr\/wp-json\/wp\/v2\/users\/2"}],"replies":[{"embeddable":true,"href":"https:\/\/www.europesays.com\/fr\/wp-json\/wp\/v2\/comments?post=422532"}],"version-history":[{"count":0,"href":"https:\/\/www.europesays.com\/fr\/wp-json\/wp\/v2\/posts\/422532\/revisions"}],"wp:featuredmedia":[{"embeddable":true,"href":"https:\/\/www.europesays.com\/fr\/wp-json\/wp\/v2\/media\/422533"}],"wp:attachment":[{"href":"https:\/\/www.europesays.com\/fr\/wp-json\/wp\/v2\/media?parent=422532"}],"wp:term":[{"taxonomy":"category","embeddable":true,"href":"https:\/\/www.europesays.com\/fr\/wp-json\/wp\/v2\/categories?post=422532"},{"taxonomy":"post_tag","embeddable":true,"href":"https:\/\/www.europesays.com\/fr\/wp-json\/wp\/v2\/tags?post=422532"}],"curies":[{"name":"wp","href":"https:\/\/api.w.org\/{rel}","templated":true}]}}