{"id":422536,"date":"2025-09-28T00:01:12","date_gmt":"2025-09-28T00:01:12","guid":{"rendered":"https:\/\/www.europesays.com\/fr\/422536\/"},"modified":"2025-09-28T00:01:12","modified_gmt":"2025-09-28T00:01:12","slug":"deux-personnes-agees-renversees-par-un-camion-lune-hospitalisee-en-urgence-absolue","status":"publish","type":"post","link":"https:\/\/www.europesays.com\/fr\/422536\/","title":{"rendered":"deux personnes \u00e2g\u00e9es renvers\u00e9es par un camion, l\u2019une hospitalis\u00e9e en urgence absolue"},"content":{"rendered":"<p itemprop=\"description\"><strong><br \/>&#13;<br \/>\nUn grave accident de la circulation s\u2019est produit ce samedi 27 septembre vers 10 heures \u00e0 Neuville-sur-Sa\u00f4ne.<br \/>&#13;<br \/>\n<\/strong><\/p>\n<p>Un poids lourd a quitt\u00e9 sa trajectoire entre le rond-point de l\u2019avenue Gambetta et l\u2019avenue Van Doren, avant de monter sur le trottoir.<\/p>\n<p>Le v\u00e9hicule a d\u2019abord percut\u00e9 une croix en pierre puis a renvers\u00e9 deux pi\u00e9tons \u00e2g\u00e9s, avant de terminer sa course contre un platane, pr\u00e9cise le progr\u00e8s.\u00a0L\u2019une des victimes a d\u00fb \u00eatre d\u00e9gag\u00e9e de sous le bloc-moteur du camion et \u00e9vacu\u00e9e en urgence absolue vers l\u2019h\u00f4pital. La seconde a \u00e9t\u00e9 transport\u00e9e en urgence relative.<\/p>\n<p>Le conducteur du camion est indemne, mais en \u00e9tat de choc. Dix-neuf sapeurs-pompiers et six engins de secours, accompagn\u00e9s des gendarmes de la brigade motoris\u00e9e de Dardilly, ont \u00e9t\u00e9 mobilis\u00e9s sur place.<\/p>\n<p>Une enqu\u00eate est en cours afin d\u2019\u00e9tablir les circonstances pr\u00e9cises de l\u2019accident.<\/p>\n","protected":false},"excerpt":{"rendered":"&#13; Un grave accident de la circulation s\u2019est produit ce samedi 27 septembre vers 10 heures \u00e0 Neuville-sur-Sa\u00f4ne.&#13;&hellip;\n","protected":false},"author":2,"featured_media":422537,"comment_status":"","ping_status":"","sticky":false,"template":"","format":"standard","meta":{"footnotes":""},"categories":[1889],"tags":[1111,11,2813,2190,2430,1109,251,1112,2811,1777,674,118,1011,27,1922,1110,1114,2428,2810,12,241,316,25,2812,517,800],"class_list":{"0":"post-422536","1":"post","2":"type-post","3":"status-publish","4":"format-standard","5":"has-post-thumbnail","7":"category-lyon","8":"tag-actu","9":"tag-actualites","10":"tag-article","11":"tag-asvel","12":"tag-auvergne-rhone-alpes","13":"tag-breves","14":"tag-culture","15":"tag-depeches","16":"tag-economique","17":"tag-eu","18":"tag-europe","19":"tag-faits-divers","20":"tag-fr","21":"tag-france","22":"tag-info","23":"tag-informations","24":"tag-infos","25":"tag-lyon","26":"tag-lyonmag","27":"tag-news","28":"tag-ol","29":"tag-politique","30":"tag-republique-francaise","31":"tag-sociale","32":"tag-sport","33":"tag-transports"},"share_on_mastodon":{"url":"https:\/\/pubeurope.com\/@fr\/115278989625271204","error":""},"_links":{"self":[{"href":"https:\/\/www.europesays.com\/fr\/wp-json\/wp\/v2\/posts\/422536","targetHints":{"allow":["GET"]}}],"collection":[{"href":"https:\/\/www.europesays.com\/fr\/wp-json\/wp\/v2\/posts"}],"about":[{"href":"https:\/\/www.europesays.com\/fr\/wp-json\/wp\/v2\/types\/post"}],"author":[{"embeddable":true,"href":"https:\/\/www.europesays.com\/fr\/wp-json\/wp\/v2\/users\/2"}],"replies":[{"embeddable":true,"href":"https:\/\/www.europesays.com\/fr\/wp-json\/wp\/v2\/comments?post=422536"}],"version-history":[{"count":0,"href":"https:\/\/www.europesays.com\/fr\/wp-json\/wp\/v2\/posts\/422536\/revisions"}],"wp:featuredmedia":[{"embeddable":true,"href":"https:\/\/www.europesays.com\/fr\/wp-json\/wp\/v2\/media\/422537"}],"wp:attachment":[{"href":"https:\/\/www.europesays.com\/fr\/wp-json\/wp\/v2\/media?parent=422536"}],"wp:term":[{"taxonomy":"category","embeddable":true,"href":"https:\/\/www.europesays.com\/fr\/wp-json\/wp\/v2\/categories?post=422536"},{"taxonomy":"post_tag","embeddable":true,"href":"https:\/\/www.europesays.com\/fr\/wp-json\/wp\/v2\/tags?post=422536"}],"curies":[{"name":"wp","href":"https:\/\/api.w.org\/{rel}","templated":true}]}}