{"id":422538,"date":"2025-09-28T00:02:33","date_gmt":"2025-09-28T00:02:33","guid":{"rendered":"https:\/\/www.europesays.com\/fr\/422538\/"},"modified":"2025-09-28T00:02:33","modified_gmt":"2025-09-28T00:02:33","slug":"jean-michel-aulas-peut-il-devenir-maire-de-lyon-et-rester-a-la-federation-de-football","status":"publish","type":"post","link":"https:\/\/www.europesays.com\/fr\/422538\/","title":{"rendered":"Jean-Michel Aulas peut-il devenir maire de Lyon et rester \u00e0 la f\u00e9d\u00e9ration de football\u00a0?"},"content":{"rendered":"<p class=\"paragraph text_align_left lp-f-body-02\">Il est le \u00ab candidat de la soci\u00e9t\u00e9 civile \u00bb, mais pas de n\u2019importe laquelle. <a href=\"https:\/\/www.leparisien.fr\/rhone-69\/jean-michel-aulas-officialise-sa-candidature-a-la-mairie-de-lyon-dans-une-lettre-aux-lyonnais-25-09-2025-6F3Q7BWDVJGMJNR2BJ66ZCBD34.php\" target=\"_blank\" rel=\"noreferrer noopener\">Officiellement dans la course pour la mairie de Lyon<\/a> apr\u00e8s son premier meeting ce vendredi, sans \u00e9tiquette mais soutenu par Les R\u00e9publicains et Renaissance, <a href=\"https:\/\/www.leparisien.fr\/politique\/municipales-a-lyon-apres-wauquiez-attal-annonce-que-son-parti-soutiendra-jean-michel-aulas-22-09-2025-2VWQ5DEIDBHKXOLGZ3YMEN5ZPI.php\" target=\"_blank\" rel=\"noreferrer noopener\">Jean-Michel Aulas<\/a> a en effet pass\u00e9 pr\u00e8s de quarante ans \u00e0 la t\u00eate de l\u2019Olympique lyonnais (OL) et occupe d\u00e9sormais les fonctions de vice-pr\u00e9sident de la F\u00e9d\u00e9ration fran\u00e7aise de football (FFF), \u00e0 la t\u00eate de la ligue f\u00e9minine.<\/p>\n<p class=\"paragraph text_align_left lp-f-body-02\">Et l\u2019int\u00e9ress\u00e9 souhaite bien rester \u00e0 la direction du football fran\u00e7ais, qu\u2019importent les \u00e9lections. Avant sa candidature, dans un entretien \u00e0 <a href=\"https:\/\/www.lequipe.fr\/Football\/Actualites\/-elu-ou-pas-je-tiens-a-garder-mes-fonctions-a-la-fff-jean-michel-aulas-assure-qu-il-conservera-ses-mandats-s-il-devient-maire-de-lyon\/1590991\" target=\"_blank\" rel=\"noreferrer noopener\">L\u2019\u00c9quipe<\/a> d\u00e9but septembre, le millionnaire de 76 ans affirmait d\u00e9j\u00e0 : \u00ab \u00c9lu ou pas \u00e9lu, je tiens \u00e0 garder mes fonctions \u00bb, assurant par ailleurs qu\u2019il n\u2019y avait pas d\u2019incompatibilit\u00e9s \u00e0 cumuler ces hauts postes. Mais, dans les faits, Jean-Michel Aulas va-t-il vers un conflit d\u2019int\u00e9r\u00eats ?<\/p>\n<p class=\"paragraph text_align_left lp-f-body-02\">Le Conseil national de l\u2019\u00e9thique de la FFF a bien donn\u00e9 son avis la semaine derni\u00e8re, sur demande de l\u2019int\u00e9ress\u00e9. Le cumul, \u00ab s\u2019il est juridiquement autoris\u00e9, doit \u00eatre assorti de r\u00e8gles de conduite permettant de satisfaire l\u2019\u00e9thique, la d\u00e9ontologie et de respecter la loi p\u00e9nale \u00bb, a annonc\u00e9 l\u2019instance dans un <a href=\"https:\/\/www.fff.fr\/article\/15330-communique-du-conseil-national-de-l-ethique.html\" target=\"_blank\" rel=\"noreferrer noopener\">communiqu\u00e9<\/a>, \u00ab consid\u00e9rant qu\u2019il n\u2019existe pas d\u2019incompatibilit\u00e9 sans texte la pr\u00e9voyant express\u00e9ment \u00bb.<\/p>\n<p class=\"paragraph text_align_left lp-f-body-02\">Des r\u00e8gles ont alors \u00e9t\u00e9 notifi\u00e9es \u00e0 Jean-Michel Aulas, qu\u2019il applique pour l\u2019instant partiellement. Exemple : \u00ab Il s\u2019abstiendra, sur ses r\u00e9seaux sociaux (\u2026) de mentionner ses fonctions \u00e0 la FFF \u00bb, peut-on lire. Mais Jean-Michel Aulas a annonc\u00e9 <a href=\"https:\/\/x.com\/JM_Aulas\/status\/1971101239388798991\" target=\"_blank\" rel=\"noreferrer\">sur X<\/a> et <a href=\"https:\/\/www.instagram.com\/p\/DPGcVouDb4e\/?igsh=MXU5dWlhYW1ucnBpZQ==\" target=\"_blank\" rel=\"noreferrer noopener\">Instagram<\/a> sa candidature et mentionne toujours ce samedi en biographie sur ces deux r\u00e9seaux son poste \u00e0 la FFF, comme nous l\u2019avons constat\u00e9.<\/p>\n<p>Aucune \u00ab promesse \u00e9lectorale \u00bb footballistique<\/p>\n<p class=\"paragraph text_align_left lp-f-body-02\">Deuxi\u00e8me exemple, \u00e0 suivre cette fois : \u00ab Il s\u2019abstiendra de toute promesse \u00e9lectorale en lien avec le football \u00bb, peut-on lire. C\u2019est presque mission impossible tant l\u2019\u00e9quipe f\u00e9minine de l\u2019OL \u2013 qu\u2019il a dirig\u00e9e et qui est dans son champ d\u2019action \u00e0 la FFF \u2013 est un sujet central dans la capitale des Gaules. C\u2019est l\u2019\u00e9quipe la plus titr\u00e9e \u00e0 travers la France et l\u2019Europe, avec 8 victoires en Ligue des champions et 18 en Championnat.<\/p>\n<p class=\"paragraph text_align_left lp-f-body-02\">Plus tard, s\u2019il est \u00e9lu \u00e0 la t\u00eate de Lyon, <a href=\"https:\/\/www.leparisien.fr\/elections\/municipales\/municipales-2026-lancien-president-de-lol-jean-michel-aulas-officialise-sa-candidature-a-lyon-04-09-2025-KR43S3TIYBHNRFT5BHHWRJXC6U.php\" target=\"_blank\" rel=\"noreferrer noopener\">Jean-Michel Aulas<\/a> devra aussi se d\u00e9porter de toute discussion ou d\u00e9cision concernant le football. Et de toute discussion ou d\u00e9cision concernant \u00ab la ville de Lyon, l\u2019Olympique lyonnais ou tout autre club de l\u2019agglom\u00e9ration lyonnaise \u00bb quand il occupera ses fonctions \u00e0 la FFF dans le m\u00eame temps. Ou encore : ne pas utiliser les ressources d\u2019un poste pour l\u2019autre, et inversement.<\/p>\n<p class=\"paragraph text_align_left lp-f-body-02\">Reste \u00e0 savoir si, dans la campagne \u00e9lectorale qui s\u2019annonce pour la troisi\u00e8me ville de France actuellement d\u00e9tenue par l\u2019\u00e9cologiste Gr\u00e9gory Doucet, <a href=\"https:\/\/www.leparisien.fr\/elections\/municipales\/tout-est-pret-dans-les-secrets-du-plan-de-jean-michel-aulas-pour-conquerir-la-mairie-de-lyon-20-04-2025-XCGIRR753ZGUDGDTOYXZQ6O2I4.php\" target=\"_blank\" rel=\"noreferrer noopener\">Jean-Michel Aulas<\/a> r\u00e9ussira \u00e0 s\u2019abstenir d\u2019aborder le futur du football lyonnais. Ou si, en cas d\u2019issue victorieuse dans ce match politique, il arrivera \u00e0 \u00e9viter les conflits d\u2019int\u00e9r\u00eats entre football et mairie. L\u2019exercice s\u2019annonce en r\u00e9alit\u00e9 plus que p\u00e9rilleux, tant le septuag\u00e9naire a <a href=\"https:\/\/www.leparisien.fr\/sports\/football\/jean-michel-aulas-le-foot-feminin-francais-va-rivaliser-avec-celui-des-meilleures-nations-21-07-2023-QZZL525ESVAIDMF3UPDET7JSKI.php\" target=\"_blank\" rel=\"noreferrer noopener\">le ballon rond chevill\u00e9 aux pieds<\/a>.<\/p>\n<p><script async src=\"\/\/www.instagram.com\/embed.js\"><\/script><\/p>\n","protected":false},"excerpt":{"rendered":"Il est le \u00ab candidat de la soci\u00e9t\u00e9 civile \u00bb, mais pas de n\u2019importe laquelle. Officiellement dans la&hellip;\n","protected":false},"author":2,"featured_media":422539,"comment_status":"","ping_status":"","sticky":false,"template":"","format":"standard","meta":{"footnotes":""},"categories":[1889],"tags":[1111,11,2430,459,1777,674,1011,27,2428,12,316,25,11244],"class_list":{"0":"post-422538","1":"post","2":"type-post","3":"status-publish","4":"format-standard","5":"has-post-thumbnail","7":"category-lyon","8":"tag-actu","9":"tag-actualites","10":"tag-auvergne-rhone-alpes","11":"tag-departements-horsidfo","12":"tag-eu","13":"tag-europe","14":"tag-fr","15":"tag-france","16":"tag-lyon","17":"tag-news","18":"tag-politique","19":"tag-republique-francaise","20":"tag-rhone-69"},"share_on_mastodon":{"url":"https:\/\/pubeurope.com\/@fr\/115278993362746057","error":""},"_links":{"self":[{"href":"https:\/\/www.europesays.com\/fr\/wp-json\/wp\/v2\/posts\/422538","targetHints":{"allow":["GET"]}}],"collection":[{"href":"https:\/\/www.europesays.com\/fr\/wp-json\/wp\/v2\/posts"}],"about":[{"href":"https:\/\/www.europesays.com\/fr\/wp-json\/wp\/v2\/types\/post"}],"author":[{"embeddable":true,"href":"https:\/\/www.europesays.com\/fr\/wp-json\/wp\/v2\/users\/2"}],"replies":[{"embeddable":true,"href":"https:\/\/www.europesays.com\/fr\/wp-json\/wp\/v2\/comments?post=422538"}],"version-history":[{"count":0,"href":"https:\/\/www.europesays.com\/fr\/wp-json\/wp\/v2\/posts\/422538\/revisions"}],"wp:featuredmedia":[{"embeddable":true,"href":"https:\/\/www.europesays.com\/fr\/wp-json\/wp\/v2\/media\/422539"}],"wp:attachment":[{"href":"https:\/\/www.europesays.com\/fr\/wp-json\/wp\/v2\/media?parent=422538"}],"wp:term":[{"taxonomy":"category","embeddable":true,"href":"https:\/\/www.europesays.com\/fr\/wp-json\/wp\/v2\/categories?post=422538"},{"taxonomy":"post_tag","embeddable":true,"href":"https:\/\/www.europesays.com\/fr\/wp-json\/wp\/v2\/tags?post=422538"}],"curies":[{"name":"wp","href":"https:\/\/api.w.org\/{rel}","templated":true}]}}