{"id":422540,"date":"2025-09-28T00:04:34","date_gmt":"2025-09-28T00:04:34","guid":{"rendered":"https:\/\/www.europesays.com\/fr\/422540\/"},"modified":"2025-09-28T00:04:34","modified_gmt":"2025-09-28T00:04:34","slug":"fabien-le-saux-le-padel-jeune-en-ile-de-france-est-en-pleine-acceleration","status":"publish","type":"post","link":"https:\/\/www.europesays.com\/fr\/422540\/","title":{"rendered":"Fabien Le Saux : \u201cLe padel jeune en \u00cele-de-France est en pleine acc\u00e9l\u00e9ration\u201d"},"content":{"rendered":"<p>Pr\u00e9sent au <strong>Paris Major 2025<\/strong>, <strong>Fabien Le Saux<\/strong> a accept\u00e9 de faire un point d\u2019\u00e9tape sur le d\u00e9veloppement du padel jeune en <strong>\u00cele-de-France<\/strong>. Coach, pr\u00e9parateur physique, organisateur et parent impliqu\u00e9, il multiplie les casquettes pour soutenir la nouvelle g\u00e9n\u00e9ration.<\/p>\n<p>Le FIP Promises de Paris, une vitrine internationale<\/p>\n<p>\u00c0 un mois et demi du <strong>FIP Promises Paris by WME<\/strong>, Fabien souligne l\u2019importance de cet \u00e9v\u00e9nement pour la France :<br \/>\u00ab C\u2019est d\u00e9j\u00e0 une <strong>reconnaissance nationale<\/strong> : la France est d\u00e9sormais un acteur incontournable sur la sc\u00e8ne padel. Ce tournoi valorise le travail engag\u00e9 par la <strong>f\u00e9d\u00e9ration, les ligues et les clubs<\/strong>. Guillaume et JT, qui sont \u00e0 l\u2019origine du projet, ont mis en place un vrai moteur pour le d\u00e9veloppement du padel jeune. \u00bb<\/p>\n<p>Face aux Espagnols ou aux Argentins, la marche reste haute : \u00ab Eux ont <strong>40 \u00e0 50 joueurs par cat\u00e9gorie<\/strong>, nous seulement trois ou quatre vraiment au-dessus du lot. Mais nous progressons vite. \u00bb<\/p>\n<p>Fabien suit particuli\u00e8rement <strong>Lucas<\/strong> et <strong>Marin<\/strong>, deux jeunes prometteurs. \u00ab Lucas a des chances en U14 m\u00eame si le niveau est \u00e9norme. Marin, associ\u00e9 \u00e0 L\u00e9on en U12, va d\u00e9couvrir cette cat\u00e9gorie. \u00c0 ces \u00e2ges-l\u00e0, un an d\u2019\u00e9cart est \u00e9norme, tant physiquement qu\u2019en exp\u00e9rience. \u00bb<\/p>\n<p>Des talents fran\u00e7ais \u00e0 surveiller<\/p>\n<p>Pour l\u2019avenir, Fabien cite plusieurs noms :<\/p>\n<ul class=\"wp-block-list\">\n<li><strong>Sacha Huard de La Marre <\/strong>(U14)<\/li>\n<li><strong>Nathan Perrot <\/strong>(U16)<\/li>\n<li><strong>Marin Le Saux<\/strong>, qui a choisi de d\u00e9laisser le tennis pour se consacrer pleinement au padel<\/li>\n<li>Mais aussi les jeunes du <strong>CNE<\/strong> comme <strong>Sacha Devriendt<\/strong> et <strong>Elliot Mura<\/strong>, sans oublier <strong>Olivier Guy de Chamiso<\/strong>, ou encore les <strong>r\u00e9centes championnes de France Feryel et Neila Bekhedda<\/strong>, ainsi que <strong>Loann Jovasevic<\/strong>.<\/li>\n<\/ul>\n<p>\u00ab On a quelques joueurs capables de briller dans ce contexte international. Maintenant, il faut leur donner les moyens de progresser \u00bb, insiste-t-il.<\/p>\n<p><img title=\"Fabien Le Saux : \u201cLe padel jeune en \u00cele-de-France est en pleine acc\u00e9l\u00e9ration\u201d | Padel Magazine\" loading=\"lazy\" decoding=\"async\" width=\"2000\" height=\"1125\" src=\"https:\/\/www.europesays.com\/fr\/wp-content\/uploads\/2025\/09\/MASTER_JIDF_PYRAMIDES_2025-532.jpg\" alt=\"Fabien Le Saux : \u201cLe padel jeune en \u00cele-de-France est en pleine acc\u00e9l\u00e9ration\u201d\" class=\"wp-image-269058\"  \/>Cr\u00e9dit  Padel Magazine  Cl\u00e9mence LeprunLe circuit jeune francilien : deuxi\u00e8me \u00e9dition<\/p>\n<p>Apr\u00e8s un premier succ\u00e8s au-del\u00e0 des esp\u00e9rances, le <strong>circuit jeune francilien<\/strong> revient pour une deuxi\u00e8me \u00e9dition en 2026.<\/p>\n<p>\u00ab Nous aurons cette ann\u00e9e <strong>8 \u00e9tapes principales<\/strong> contre 12 l\u2019an dernier, mais nous ajoutons une nouveaut\u00e9 : un <strong>circuit challenge<\/strong> de 12 tournois jeunes, destin\u00e9 aux nouveaux pratiquants et \u00e0 ceux qui d\u00e9couvrent la comp\u00e9tition \u00bb, d\u00e9taille Fabien.<\/p>\n<p>Au total, plus de <strong>20 tournois jeunes<\/strong> seront propos\u00e9s, avec une ouverture \u00e0 la cat\u00e9gorie <strong>U12<\/strong> : \u00ab L\u2019an dernier, nous avons r\u00e9uni <strong>pr\u00e8s de 120 joueurs<\/strong>, un chiffre exceptionnel. Et surtout, un <strong>taux de participation f\u00e9minine \u00e9lev\u00e9<\/strong>, avec plusieurs joueuses actives et performantes. \u00bb<\/p>\n<p>Nouveaux projets : r\u00e9f\u00e9rents, interclubs et structuration<\/p>\n<p>La ligue pr\u00e9pare de nouveaux chantiers :<\/p>\n<ul class=\"wp-block-list\">\n<li>La constitution d\u2019une <strong>\u00e9quipe de r\u00e9f\u00e9rents de secteurs<\/strong>, afin d\u2019am\u00e9liorer la d\u00e9tection et d\u2019augmenter significativement le <strong>volume global d\u2019entra\u00eenement<\/strong> au niveau r\u00e9gional.<\/li>\n<li>La cr\u00e9ation des <strong>premiers interclubs jeunes<\/strong>, un projet en cours avec <strong>Catherine Lefebvre<\/strong>.<\/li>\n<\/ul>\n<p>L\u2019homme aux multiples casquettes<\/p>\n<p>Au-del\u00e0 de son r\u00f4le dans le d\u00e9veloppement du padel jeune, Fabien Le Saux est aussi :<\/p>\n<ul class=\"wp-block-list\">\n<li><strong>Pr\u00e9parateur physique<\/strong> et <strong>coach de Manu Vives<\/strong><\/li>\n<li><strong>Photographe<\/strong> passionn\u00e9<\/li>\n<li>Et surtout <strong>p\u00e8re impliqu\u00e9<\/strong>, puisqu\u2019il accompagne l\u2019\u00e9volution de son fils Marin.<\/li>\n<\/ul>\n<p>\u00ab Tout est parti de l\u00e0. J\u2019ai suivi Marin, puis j\u2019ai constat\u00e9 qu\u2019il n\u2019y avait pas encore assez de choses faites pour les jeunes. J\u2019ai voulu contribuer et structurer. \u00bb<\/p>\n<p>Fabien, ancien joueur lui-m\u00eame, a d\u00fb arr\u00eater apr\u00e8s une blessure \u00e0 la main droite : \u00ab Cela m\u2019a \u00e9loign\u00e9 des terrains, mais j\u2019ai trouv\u00e9 une nouvelle voie dans la transmission. Aujourd\u2019hui, je m\u2019\u00e9panouis en accompagnant les jeunes. \u00bb<\/p>\n<p><img loading=\"lazy\" decoding=\"async\" data-del=\"avatar\" alt=\"Franck Binisti\" src=\"https:\/\/www.europesays.com\/fr\/wp-content\/uploads\/2025\/04\/Franck-Binisti-Padel-100x100.jpg\" class=\"avatar pp-user-avatar avatar-100 photo \" height=\"100\" width=\"100\"\/><\/p>\n<p>Franck Binisti d\u00e9couvre le padel au Club des Pyramides en 2009 en r\u00e9gion parisienne. Depuis, le padel fait partie de sa vie. Vous le voyez souvent faire le tour de France en allant couvrir les grands \u00e9v\u00e9nements de padel fran\u00e7ais.<\/p>\n<p class=\"related-title\">Sur le m\u00eame sujet<\/p>\n","protected":false},"excerpt":{"rendered":"Pr\u00e9sent au Paris Major 2025, Fabien Le Saux a accept\u00e9 de faire un point d\u2019\u00e9tape sur le d\u00e9veloppement&hellip;\n","protected":false},"author":2,"featured_media":422541,"comment_status":"","ping_status":"","sticky":false,"template":"","format":"standard","meta":{"footnotes":""},"categories":[1592],"tags":[1111,11,1777,674,46343,1011,27,662,12,626,25],"class_list":{"0":"post-422540","1":"post","2":"type-post","3":"status-publish","4":"format-standard","5":"has-post-thumbnail","7":"category-ile-de-france","8":"tag-actu","9":"tag-actualites","10":"tag-eu","11":"tag-europe","12":"tag-fip-promises-paris","13":"tag-fr","14":"tag-france","15":"tag-ile-de-france","16":"tag-news","17":"tag-paris","18":"tag-republique-francaise"},"share_on_mastodon":{"url":"https:\/\/pubeurope.com\/@fr\/115279001743818787","error":""},"_links":{"self":[{"href":"https:\/\/www.europesays.com\/fr\/wp-json\/wp\/v2\/posts\/422540","targetHints":{"allow":["GET"]}}],"collection":[{"href":"https:\/\/www.europesays.com\/fr\/wp-json\/wp\/v2\/posts"}],"about":[{"href":"https:\/\/www.europesays.com\/fr\/wp-json\/wp\/v2\/types\/post"}],"author":[{"embeddable":true,"href":"https:\/\/www.europesays.com\/fr\/wp-json\/wp\/v2\/users\/2"}],"replies":[{"embeddable":true,"href":"https:\/\/www.europesays.com\/fr\/wp-json\/wp\/v2\/comments?post=422540"}],"version-history":[{"count":0,"href":"https:\/\/www.europesays.com\/fr\/wp-json\/wp\/v2\/posts\/422540\/revisions"}],"wp:featuredmedia":[{"embeddable":true,"href":"https:\/\/www.europesays.com\/fr\/wp-json\/wp\/v2\/media\/422541"}],"wp:attachment":[{"href":"https:\/\/www.europesays.com\/fr\/wp-json\/wp\/v2\/media?parent=422540"}],"wp:term":[{"taxonomy":"category","embeddable":true,"href":"https:\/\/www.europesays.com\/fr\/wp-json\/wp\/v2\/categories?post=422540"},{"taxonomy":"post_tag","embeddable":true,"href":"https:\/\/www.europesays.com\/fr\/wp-json\/wp\/v2\/tags?post=422540"}],"curies":[{"name":"wp","href":"https:\/\/api.w.org\/{rel}","templated":true}]}}