{"id":422542,"date":"2025-09-28T00:05:11","date_gmt":"2025-09-28T00:05:11","guid":{"rendered":"https:\/\/www.europesays.com\/fr\/422542\/"},"modified":"2025-09-28T00:05:11","modified_gmt":"2025-09-28T00:05:11","slug":"paris-lemporte-contre-auxerre-et-celebre-le-ballon-dor-dousmane-dembele-monaco-defait-a-lorient","status":"publish","type":"post","link":"https:\/\/www.europesays.com\/fr\/422542\/","title":{"rendered":"Paris l\u2019emporte contre Auxerre et c\u00e9l\u00e8bre le Ballon d\u2019or d\u2019Ousmane Demb\u00e9l\u00e9, Monaco d\u00e9fait \u00e0 Lorient"},"content":{"rendered":"<p>                          <img loading=\"lazy\" decoding=\"async\" src=\"https:\/\/www.europesays.com\/fr\/wp-content\/uploads\/2025\/09\/929605f_ftp-import-images-1-0gsgstyuderf-2025-09-27t194320z-179980516-up1el9r1is7vs-rtrmadp-3-soccer.jpeg\" alt=\"But du Parisien Illya Zabarnyi contre Auxerre, en Ligue 1, au Parc des Princes, le 27\u00a0septembre 2025.\"   width=\"664\" height=\"443\"\/>    But du Parisien Illya Zabarnyi contre Auxerre, en Ligue 1, au Parc des Princes, le 27\u00a0septembre 2025.  SARAH MEYSSONNIER\/REUTERS                          <\/p>\n<p class=\"article__paragraph  \">Le Paris Saint-Germain a dignement f\u00eat\u00e9 le Ballon d\u2019or d\u2019Ousmane Demb\u00e9l\u00e9 en battant Auxerre (2-0), samedi 27 septembre, pour distancer en t\u00eate de la Ligue 1 Marseille (2\u1d49) et Monaco (3\u1d49), dont la d\u00e9fense a encore craqu\u00e9 \u00e0 Lorient (3-1).<\/p>\n<p class=\"article__paragraph  \">Assis en tribunes, Demb\u00e9l\u00e9, bless\u00e9, a entendu le Parc des Princes chanter \u00ab\u00a0Et Ousmane Ballon d\u2019or\u00a0\u00bb et vu le tifo en son hommage\u00a0: \u00ab\u00a0Prince de la ville devenu roi du monde.\u00a0\u00bb Sans lui, son \u00e9quipe a repris trois longueurs d\u2019avance sur ses dauphins et sa marche en avant, cinq jours apr\u00e8s sa d\u00e9faite au V\u00e9lodrome (1-0). Le PSG s\u2019est impos\u00e9 gr\u00e2ce \u00e0 des buts de sa charni\u00e8re centrale, Illya Zabarnyi \u2013 le premier but en Ligue 1 pour l\u2019Ukrainien \u2013 et Lucas Beraldo.<\/p>\n<p class=\"article__paragraph  \">Mais la liste des bless\u00e9s parisiens s\u2019est allong\u00e9e, \u00e0 quatre jours du d\u00e9placement contre le FC Barcelone en Ligue des champions. Vitinha a \u00e9t\u00e9 remplac\u00e9 d\u00e8s la 35\u1d49\u00a0minutes par Achraf Hakimi et pourrait rejoindre \u00e0 l\u2019infirmerie Marquinhos, Joao Neves, Demb\u00e9l\u00e9 et D\u00e9sir\u00e9 Dou\u00e9.<\/p>\n<p>                                       Lire aussi |  Article r\u00e9serv\u00e9 \u00e0 nos abonn\u00e9s  <a href=\"https:\/\/www.lemonde.fr\/economie\/article\/2025\/09\/26\/droits-tele-ligue-1-reussit-son-lancement-mais-les-inquietudes-demeurent_6642988_3234.html\" class=\"js-article-read-also catcher--favoris__link\" data-premium=\"1\" id=\"article-title-3439609\" rel=\"nofollow noopener\" target=\"_blank\">Ligue 1+ r\u00e9ussit son lancement mais les inqui\u00e9tudes demeurent<\/a>    <\/p>\n<p>   Lire plus tard  <\/p>\n<p>                          Doubl\u00e9 de Pablo Pagis contre Monaco                    <\/p>\n<p class=\"article__paragraph  \">Monaco aussi est diminu\u00e9 \u00e0 trois jours de la r\u00e9ception de Manchester City en C1, avec les indisponibilit\u00e9s de Denis Zakaria et Aleksandr Golovin, mais la d\u00e9fense mon\u00e9gasque est encore plus malade\u00a0: elle a c\u00e9d\u00e9 douze fois sur ses cinq derniers matchs.<\/p>\n<p class=\"article__paragraph  \">\u00ab\u00a0Impossible d\u2019encaisser autant de buts\u00a0\u00bb, a pest\u00e9 \u00e0 Lorient l\u2019entra\u00eeneur Adi H\u00fctter, dont l\u2019\u00e9quipe en avait conc\u00e9d\u00e9 quatre \u00e0 Bruges (4-1) en ouverture de la C1. L\u2019Autrichien doit changer la serrure avant la venue de l\u2019\u00e9quipe de Pep Guardiola, qui de son c\u00f4t\u00e9 a \u00e9cras\u00e9 Burnley 5-1 en Championnat d\u2019Angleterre.<\/p>\n<p class=\"article__paragraph  \">T\u00f4t r\u00e9duite \u00e0 dix apr\u00e8s l\u2019exclusion de Thilo Kehrer (38\u1d49), l\u2019ASM a subi la loi de Pablo Pagis. Le fils de Micka\u00ebl \u00ab\u00a0Pagistral\u00a0\u00bb, l\u2019ancien joueur de Sochaux, Strasbourg ou Marseille, a sign\u00e9 un doubl\u00e9 magnifique, un slalom et une frappe lob\u00e9e. \u00ab\u00a0Je m\u2019en inspire forc\u00e9ment\u00a0\u00bb, a souri l\u2019h\u00e9ritier, qui a confess\u00e9 regard\u00e9 les vid\u00e9os des plus beaux buts de son p\u00e8re.<\/p>\n<p class=\"article__paragraph  \">Quatre buts ont aussi \u00e9t\u00e9 marqu\u00e9s entre Toulouse et Nantes, qui se sont s\u00e9par\u00e9s sur le score de 2 \u00e0 2. Les Canaris passent juste au-dessus de la zone de rel\u00e9gation (15\u1d49) en attendant les matchs de dimanche dont Angers (14\u1d49) contre Brest (16\u1d49), Metz (18\u1d49) face au Havre (17\u1d49) et l\u2019affiche Lille (6\u1d49) contre Lyon (4\u1d49).<\/p>\n<p>                                       Lire aussi |  Article r\u00e9serv\u00e9 \u00e0 nos abonn\u00e9s  <a href=\"https:\/\/www.lemonde.fr\/sport\/article\/2025\/09\/17\/real-madrid-om-ameres-retrouvailles-avec-la-ligue-des-champions-pour-marseille-battu-sur-un-double-de-kylian-mbappe_6641454_3242.html\" class=\"js-article-read-also catcher--favoris__link\" data-premium=\"1\" id=\"article-title-3438354\" rel=\"nofollow noopener\" target=\"_blank\">Real Madrid-OM\u00a0: am\u00e8res retrouvailles avec la Ligue des champions pour Marseille, battu sur un doubl\u00e9 de Kylian Mbapp\u00e9<\/a>    <\/p>\n<p>   Lire plus tard  <\/p>\n<p class=\"author__detail\">  Le Monde avec AFP  <\/p>\n<p>                  <a href=\"https:\/\/www.lemonde.fr\/syndication\/\" class=\"reuse__content\" title=\"R\u00e9utiliser ce contenu\" target=\"_blank\" rel=\"nofollow noopener\">R\u00e9utiliser ce contenu<\/a>      <\/p>\n","protected":false},"excerpt":{"rendered":"But du Parisien Illya Zabarnyi contre Auxerre, en Ligue 1, au Parc des Princes, le 27\u00a0septembre 2025. SARAH&hellip;\n","protected":false},"author":2,"featured_media":422543,"comment_status":"","ping_status":"","sticky":false,"template":"","format":"standard","meta":{"footnotes":""},"categories":[1888],"tags":[1111,1928,11,1927,1777,674,1011,27,12,1926,626,1925,25],"class_list":{"0":"post-422542","1":"post","2":"type-post","3":"status-publish","4":"format-standard","5":"has-post-thumbnail","7":"category-paris","8":"tag-actu","9":"tag-actu-paris","10":"tag-actualites","11":"tag-actualites-paris","12":"tag-eu","13":"tag-europe","14":"tag-fr","15":"tag-france","16":"tag-news","17":"tag-news-paris","18":"tag-paris","19":"tag-paris-news","20":"tag-republique-francaise"},"share_on_mastodon":{"url":"https:\/\/pubeurope.com\/@fr\/115279005244321623","error":""},"_links":{"self":[{"href":"https:\/\/www.europesays.com\/fr\/wp-json\/wp\/v2\/posts\/422542","targetHints":{"allow":["GET"]}}],"collection":[{"href":"https:\/\/www.europesays.com\/fr\/wp-json\/wp\/v2\/posts"}],"about":[{"href":"https:\/\/www.europesays.com\/fr\/wp-json\/wp\/v2\/types\/post"}],"author":[{"embeddable":true,"href":"https:\/\/www.europesays.com\/fr\/wp-json\/wp\/v2\/users\/2"}],"replies":[{"embeddable":true,"href":"https:\/\/www.europesays.com\/fr\/wp-json\/wp\/v2\/comments?post=422542"}],"version-history":[{"count":0,"href":"https:\/\/www.europesays.com\/fr\/wp-json\/wp\/v2\/posts\/422542\/revisions"}],"wp:featuredmedia":[{"embeddable":true,"href":"https:\/\/www.europesays.com\/fr\/wp-json\/wp\/v2\/media\/422543"}],"wp:attachment":[{"href":"https:\/\/www.europesays.com\/fr\/wp-json\/wp\/v2\/media?parent=422542"}],"wp:term":[{"taxonomy":"category","embeddable":true,"href":"https:\/\/www.europesays.com\/fr\/wp-json\/wp\/v2\/categories?post=422542"},{"taxonomy":"post_tag","embeddable":true,"href":"https:\/\/www.europesays.com\/fr\/wp-json\/wp\/v2\/tags?post=422542"}],"curies":[{"name":"wp","href":"https:\/\/api.w.org\/{rel}","templated":true}]}}