{"id":422546,"date":"2025-09-28T00:07:16","date_gmt":"2025-09-28T00:07:16","guid":{"rendered":"https:\/\/www.europesays.com\/fr\/422546\/"},"modified":"2025-09-28T00:07:16","modified_gmt":"2025-09-28T00:07:16","slug":"la-manifestation-pourrait-creer-une-belle-pagaille-dans-la-capitale","status":"publish","type":"post","link":"https:\/\/www.europesays.com\/fr\/422546\/","title":{"rendered":"la manifestation pourrait cr\u00e9er une belle pagaille dans la capitale"},"content":{"rendered":"<p>            Par<br \/>\n        <strong><br \/>\n            <a href=\"https:\/\/actu.fr\/auteur\/thomas-martin\" title=\"Consulter tous les articles de Thomas Martin\" target=\"_blank\" rel=\"noopener\">Thomas Martin<\/a><br \/>\n        <\/strong><\/p>\n<p>        Publi\u00e9 le<\/p>\n<p>            27 sept. 2025 \u00e0 12h48        <\/p>\n<p>Ce n\u2019est pas la grogne qui jusque l\u00e0 s\u2019est faite le plus entendre mais les auto-\u00e9coles et les examinateurs du permis de conduire sont pourtant remont\u00e9s contre le gouvernement et vont faire <a href=\"https:\/\/actu.fr\/societe\/couts-eleves-delais-trop-longs-les-auto-ecoles-et-les-inspecteurs-appellent-a-la-greve-le-29-septembre_63165706.html\" target=\"_blank\" rel=\"noopener\">gr\u00e8ve<\/a>. Une <a href=\"https:\/\/actu.fr\/tag\/manifestations\" target=\"_blank\" rel=\"noopener\">manifestation<\/a> est ainsi pr\u00e9vu lundi 29 septembre avec l\u2019objectif annonc\u00e9 \u00e0 <a href=\"https:\/\/actu.fr\/societe\/agriculteurs-syndicats-auto-ecoles-patrons-toutes-les-mobilisations-prevues-en-france-ces-prochains-jours_63211882.html\" target=\"_blank\" rel=\"noopener\">actu<\/a> de \u00ab\u00a0bloquer Paris pour que le gouvernement assume enfin que c\u2019est sa faute si les d\u00e9lais et le co\u00fbt pour passer le permis explosent\u00a0\u00bb. Les organisations professionnelles des auto-\u00e9coles et le syndicat d\u2019inspecteurs du permis Snica-FO ont d\u00e9pos\u00e9, pour la premi\u00e8re fois, un pr\u00e9avis de gr\u00e8ve commun .<\/p>\n<p>\u00ab\u00a0Ce rassemblement pr\u00e9voit de r\u00e9unir un nombre important de participants\u00a0\u00bb<\/p>\n<p class=\" wall-content\">La manifestation devrait d\u00e9marrer d\u00e8s le d\u00e9but de la matin\u00e9e, depuis la porte de Vincennes en direction de la place de la R\u00e9publique, en passant par le cour de Vincennes, la place de la Nation et le boulevard Voltaire.\u00a0<\/p>\n<p class=\" wall-content\">\u00ab\u00a0Ce rassemblement pr\u00e9voit de r\u00e9unir un nombre important de participants, lesquels ont pr\u00e9vu de se d\u00e9placer en voiture\u00a0\u00bb, anticipe la <a href=\"https:\/\/actu.fr\/tag\/prefecture-de-police-de-paris\" target=\"_blank\" rel=\"noopener\">pr\u00e9fecture de police de Paris<\/a> dans <a href=\"https:\/\/www.prefecturedepolice.interieur.gouv.fr\/sites\/default\/files\/Documents\/arrete_2025-01177_drones_manif_auto_ecoles_29_septembre_25_sans_signature.pdf\" target=\"_blank\" rel=\"noopener\">un arr\u00eat\u00e9<\/a> pris pour surveiller la manifestation \u00e0 l\u2019aide de cam\u00e9ras.\u00a0<\/p>\n<p class=\" wall-content\">Les services de <a href=\"https:\/\/actu.fr\/tag\/laurent-nunez\" target=\"_blank\" rel=\"noopener\">Laurent Nu\u00f1ez<\/a> pr\u00e9voient des \u00ab\u00a0entraves \u00e0 la <a href=\"https:\/\/actu.fr\/tag\/circulation\" target=\"_blank\" rel=\"noopener\">circulation<\/a> et congestions du trafic routier pouvant r\u00e9sulter de cette d\u00e9ambulation motoris\u00e9e de plusieurs centaines de v\u00e9hicules, en particulier un jour de semaine\u00a0\u00bb.\u00a0<\/p>\n<p class=\" wall-content\">Dans les Hauts-de-Seine,\u00a0les d\u00e9lais d\u2019attente\u00a0pour avoir une place \u00e0 l\u2019examen ont pu atteindre\u00a06 \u00e0 8 mois, selon un repr\u00e9sentant des auto-\u00e9coles.\u00a0<\/p>\n<p class=\" wall-content\">En cause : un cruel manque d\u2019examinateurs dans certains d\u00e9partements et un taux d\u2019\u00e9chec \u00e9lev\u00e9 (55,9% de r\u00e9ussite en moyenne en 2023) qui implique plusieurs passages \u00e0 l\u2019examen.<\/p>\n<p class=\" wall-content\">Les auto-\u00e9coles traditionnelles demandent\u00a0de passer de 20 \u00e0 28 heures\u00a0de conduite exigibles avant de passer l\u2019examen de conduite, pour am\u00e9liorer le taux de r\u00e9ussite du premier coup.<\/p>\n<p>Votre r\u00e9gion, votre actu !<\/p>\n<p>Recevez chaque jour les infos qui comptent pour vous.<\/p>\n<p>\t<a href=\"https:\/\/actu.fr\/newsletter\" class=\"ac-btn ac-btn--corner ac-btn--medium ac-btn--blue800\" target=\"_blank\" rel=\"noopener\">S&rsquo;incrire<\/a><\/p>\n<p class=\" wall-content\">Elles r\u00e9clament aussi le recrutement d\u2019au moins 150 inspecteurs du permis.\u00a0<\/p>\n<p class=\" wall-content\">Personnalisez votre actualit\u00e9 en ajoutant vos villes et m\u00e9dias en favori avec <a href=\"https:\/\/moncompte.actu.fr\" title=\"D\u00e9couvez Mon Actu\" rel=\"nofollow noopener\" data-trk=\"{&quot;cta&quot;:{&quot;action&quot;:&quot;https:\\\/\\\/moncompte.actu.fr&quot;,&quot;category&quot;:&quot;mon compte&quot;,&quot;from&quot;:&quot;article footer&quot;,&quot;name&quot;:&quot;Mon actu&quot;,&quot;type&quot;:&quot;cta&quot;}}\" target=\"_blank\">Mon Actu<\/a>.<\/p>\n","protected":false},"excerpt":{"rendered":"Par Thomas Martin Publi\u00e9 le 27 sept. 2025 \u00e0 12h48 Ce n\u2019est pas la grogne qui jusque l\u00e0&hellip;\n","protected":false},"author":2,"featured_media":422547,"comment_status":"","ping_status":"","sticky":false,"template":"","format":"standard","meta":{"footnotes":""},"categories":[1888],"tags":[11,1777,674,1011,27,6151,1272,12,626,1931,25,104],"class_list":{"0":"post-422546","1":"post","2":"type-post","3":"status-publish","4":"format-standard","5":"has-post-thumbnail","7":"category-paris","8":"tag-actualites","9":"tag-eu","10":"tag-europe","11":"tag-fr","12":"tag-france","13":"tag-greve","14":"tag-manifestations","15":"tag-news","16":"tag-paris","17":"tag-prefecture-de-police-de-paris","18":"tag-republique-francaise","19":"tag-societe"},"share_on_mastodon":{"url":"https:\/\/pubeurope.com\/@fr\/115279013059751073","error":""},"_links":{"self":[{"href":"https:\/\/www.europesays.com\/fr\/wp-json\/wp\/v2\/posts\/422546","targetHints":{"allow":["GET"]}}],"collection":[{"href":"https:\/\/www.europesays.com\/fr\/wp-json\/wp\/v2\/posts"}],"about":[{"href":"https:\/\/www.europesays.com\/fr\/wp-json\/wp\/v2\/types\/post"}],"author":[{"embeddable":true,"href":"https:\/\/www.europesays.com\/fr\/wp-json\/wp\/v2\/users\/2"}],"replies":[{"embeddable":true,"href":"https:\/\/www.europesays.com\/fr\/wp-json\/wp\/v2\/comments?post=422546"}],"version-history":[{"count":0,"href":"https:\/\/www.europesays.com\/fr\/wp-json\/wp\/v2\/posts\/422546\/revisions"}],"wp:featuredmedia":[{"embeddable":true,"href":"https:\/\/www.europesays.com\/fr\/wp-json\/wp\/v2\/media\/422547"}],"wp:attachment":[{"href":"https:\/\/www.europesays.com\/fr\/wp-json\/wp\/v2\/media?parent=422546"}],"wp:term":[{"taxonomy":"category","embeddable":true,"href":"https:\/\/www.europesays.com\/fr\/wp-json\/wp\/v2\/categories?post=422546"},{"taxonomy":"post_tag","embeddable":true,"href":"https:\/\/www.europesays.com\/fr\/wp-json\/wp\/v2\/tags?post=422546"}],"curies":[{"name":"wp","href":"https:\/\/api.w.org\/{rel}","templated":true}]}}