{"id":422550,"date":"2025-09-28T00:09:15","date_gmt":"2025-09-28T00:09:15","guid":{"rendered":"https:\/\/www.europesays.com\/fr\/422550\/"},"modified":"2025-09-28T00:09:15","modified_gmt":"2025-09-28T00:09:15","slug":"paralympiques-le-comite-international-leve-la-suspension-partielle-de-la-russie-et-de-la-bielorussie","status":"publish","type":"post","link":"https:\/\/www.europesays.com\/fr\/422550\/","title":{"rendered":"Paralympiques\u00a0: le Comit\u00e9 international l\u00e8ve la suspension partielle de la Russie et de la Bi\u00e9lorussie"},"content":{"rendered":"<p class=\"paragraph text_align_left lp-f-body-02\">Quel sera l\u2019impact r\u00e9el de cette d\u00e9cision ? Le Comit\u00e9 international paralympique (IPC) a d\u00e9cid\u00e9 de lever la suspension partielle de la Russie et de la Bi\u00e9lorussie, en vigueur depuis <a href=\"https:\/\/www.leparisien.fr\/international\/ukraine\/\" target=\"_self\" rel=\"noopener\">l\u2019invasion en Ukraine<\/a>, lors de son assembl\u00e9e g\u00e9n\u00e9rale samedi \u00e0 S\u00e9oul. Les deux comit\u00e9s nationaux seront aussi r\u00e9int\u00e9gr\u00e9s comme membres de plein droit de l\u2019organisation.<\/p>\n<p class=\"paragraph text_align_left lp-f-body-02\">Cette d\u00e9cision rouvre la voie \u00e0 la pr\u00e9sence de para-athl\u00e8tes russes et bi\u00e9lorusses sous leur drapeau respectif aux <a href=\"https:\/\/www.leparisien.fr\/sports\/JO\/jo-hiver-2026-milan-cortina\/\" target=\"_self\" rel=\"noopener\">Jeux paralympiques de Milan-Cortina<\/a> (6-15 mars). Mais les six sports au programme d\u00e9pendent de f\u00e9d\u00e9rations internationales qui ont jusqu\u2019\u00e0 pr\u00e9sent maintenu la suspension des sportifs russes et bi\u00e9lorusses.<\/p>\n<blockquote class=\"twitter-tweet\">\n<p lang=\"en\" dir=\"ltr\">IPC member organisations at the 2025 IPC General Assembly have voted not to maintain the partial suspensions of the National Paralympic Committees of Belarus and Russia.<a href=\"https:\/\/t.co\/meJaF974dZ\">https:\/\/t.co\/meJaF974dZ<\/a><\/p>\n<p>\u2014 Paralympic Games (@Paralympics) <a href=\"https:\/\/twitter.com\/Paralympics\/status\/1971792835285602656?ref_src=twsrc%5Etfw\" target=\"_blank\" rel=\"noopener\">September 27, 2025<\/a><\/p><\/blockquote>\n<p class=\"paragraph text_align_left lp-f-body-02\">Pour \u00eatre \u00e9ligible aux Paralympiques, chaque sportif doit avoir une licence active pour la saison 2025\/26 de sa f\u00e9d\u00e9ration internationale, en l\u2019occurrence la FIS (para ski alpin, para ski de fond, para snowboard), l\u2019IBU (para biathlon), le WPIH (para hockey sur glace) qui les excluent pour le moment du processus de qualification. World Curling (curling fauteuil) attribue un quota \u00e0 un pays et non \u00e0 un athl\u00e8te et ses qualifications sont d\u00e9j\u00e0 termin\u00e9es.<\/p>\n<p class=\"paragraph text_align_left lp-f-body-02\">\u00ab L\u2019IPC travaillera avec les deux membres concern\u00e9s pour mettre en place des dispositions pratiques \u00e0 cet effet d\u00e8s que raisonnablement possible \u00bb, a pr\u00e9cis\u00e9 l\u2019instance.<\/p>\n<p>Drapeau neutre \u00e0 Paris 2024<\/p>\n<p class=\"paragraph text_align_left lp-f-body-02\">L\u2019assembl\u00e9e g\u00e9n\u00e9rale de l\u2019IPC s\u2019est d\u2019abord prononc\u00e9e contre la suspension totale des deux comit\u00e9s nationaux (115 contre, 55 pour, 11 absentions concernant la Russie, 119 contre, 48 pour et 9 absentions concernant Bi\u00e9lorussie). Elle a ensuite d\u00e9cid\u00e9 de lever la suspension partielle de la Russie (91 pour, 77 contre, 8 abstentions) et de la Bi\u00e9lorussie (103 pour, 63 contre, 10 abstentions).<\/p>\n<p class=\"paragraph text_align_left lp-f-body-02\">La suspension partielle avait \u00e9t\u00e9 adopt\u00e9e \u00e0 l\u2019automne 2023 par l\u2019assembl\u00e9e g\u00e9n\u00e9rale de l\u2019IPC, autorisant sous drapeau neutre et strictes conditions de neutralit\u00e9, les sportifs russes et bi\u00e9lorusses aux Jeux paralympiques de Paris en 2024.<\/p>\n<p class=\"title-embed-dailymotion lp-color-text lp-f-subtitle-04\">Vid\u00e9oUn an apr\u00e8s les JO, les touristes notent Paris<\/p>\n<p class=\"paragraph text_align_left lp-f-body-02\">Avant cela, l\u2019IPC avait exclu les comit\u00e9s paralympiques russe et bi\u00e9lorusse des Jeux de P\u00e9kin en 2022, le 3 mars, \u00e0 la veille de la c\u00e9r\u00e9monie d\u2019ouverture le 4 mars, qui s\u2019\u00e9tait d\u00e9roul\u00e9e quelques jours seulement apr\u00e8s le d\u00e9but de l\u2019invasion de l\u2019Ukraine par la Russie le 24 f\u00e9vrier.<\/p>\n<p class=\"paragraph text_align_left lp-f-body-02\">Cette d\u00e9cision intervient huit jours apr\u00e8s celle du Comit\u00e9 international olympique (CIO) d\u2019autoriser, <a href=\"https:\/\/www.leparisien.fr\/sports\/JO\/jo-dhiver-2026-les-athletes-russes-et-bielorusses-devront-arborer-un-drapeau-neutre-comme-a-paris-2024-19-09-2025-YVKZHAVLUJHCVKN3O4W7ZEWZCI.php\" target=\"_self\" rel=\"noopener\">sous drapeau neutre et strictes conditions<\/a>, la pr\u00e9sence de sportifs russes et bi\u00e9lorusses aux Jeux olympiques de Milan-Cortina, comme lors de Paris-2024.<\/p>\n<p><script async src=\"https:\/\/platform.twitter.com\/widgets.js\" charset=\"utf-8\"><\/script><\/p>\n","protected":false},"excerpt":{"rendered":"Quel sera l\u2019impact r\u00e9el de cette d\u00e9cision ? Le Comit\u00e9 international paralympique (IPC) a d\u00e9cid\u00e9 de lever la&hellip;\n","protected":false},"author":2,"featured_media":422551,"comment_status":"","ping_status":"","sticky":false,"template":"","format":"standard","meta":{"footnotes":""},"categories":[1591],"tags":[11,1887,3996,12,1885,1886,132,60],"class_list":{"0":"post-422550","1":"post","2":"type-post","3":"status-publish","4":"format-standard","5":"has-post-thumbnail","7":"category-russie","8":"tag-actualites","9":"tag-federation-de-russie","10":"tag-jeux-olympiques","11":"tag-news","12":"tag-russia","13":"tag-russian-federation","14":"tag-russie","15":"tag-sports"},"share_on_mastodon":{"url":"https:\/\/pubeurope.com\/@fr\/115279020909887995","error":""},"_links":{"self":[{"href":"https:\/\/www.europesays.com\/fr\/wp-json\/wp\/v2\/posts\/422550","targetHints":{"allow":["GET"]}}],"collection":[{"href":"https:\/\/www.europesays.com\/fr\/wp-json\/wp\/v2\/posts"}],"about":[{"href":"https:\/\/www.europesays.com\/fr\/wp-json\/wp\/v2\/types\/post"}],"author":[{"embeddable":true,"href":"https:\/\/www.europesays.com\/fr\/wp-json\/wp\/v2\/users\/2"}],"replies":[{"embeddable":true,"href":"https:\/\/www.europesays.com\/fr\/wp-json\/wp\/v2\/comments?post=422550"}],"version-history":[{"count":0,"href":"https:\/\/www.europesays.com\/fr\/wp-json\/wp\/v2\/posts\/422550\/revisions"}],"wp:featuredmedia":[{"embeddable":true,"href":"https:\/\/www.europesays.com\/fr\/wp-json\/wp\/v2\/media\/422551"}],"wp:attachment":[{"href":"https:\/\/www.europesays.com\/fr\/wp-json\/wp\/v2\/media?parent=422550"}],"wp:term":[{"taxonomy":"category","embeddable":true,"href":"https:\/\/www.europesays.com\/fr\/wp-json\/wp\/v2\/categories?post=422550"},{"taxonomy":"post_tag","embeddable":true,"href":"https:\/\/www.europesays.com\/fr\/wp-json\/wp\/v2\/tags?post=422550"}],"curies":[{"name":"wp","href":"https:\/\/api.w.org\/{rel}","templated":true}]}}