{"id":422556,"date":"2025-09-28T00:12:18","date_gmt":"2025-09-28T00:12:18","guid":{"rendered":"https:\/\/www.europesays.com\/fr\/422556\/"},"modified":"2025-09-28T00:12:18","modified_gmt":"2025-09-28T00:12:18","slug":"les-defis-de-keir-starmer-en-difficulte-a-louverture-du-congres-des-travaillistes","status":"publish","type":"post","link":"https:\/\/www.europesays.com\/fr\/422556\/","title":{"rendered":"les d\u00e9fis de Keir Starmer, en difficult\u00e9 \u00e0 l&rsquo;ouverture du congr\u00e8s des travaillistes"},"content":{"rendered":"<p class=\"mb-4 text-lg md:leading-8 break-words\">Le Parti travailliste d\u00e9marre sa conf\u00e9rence annuelle sous haute tension politique. Apr\u00e8s la d\u00e9cision historique du Royaume-Uni de reconna\u00eetre l\u2019\u00c9tat de Palestine, le Premier ministre Keir Starmer se retrouve au c\u0153ur des divisions qui traversent son parti et la soci\u00e9t\u00e9 britannique. Retour sur les enjeux de cette semaine d\u00e9cisive.<\/p>\n<p class=\"mb-4 text-lg md:leading-8 break-words\">\u00c0 Liverpool, le congr\u00e8s du Parti travailliste a ouvert ses portes dans une atmosph\u00e8re lourde d\u2019attentes. <strong><a href=\"https:\/\/www.rfi.fr\/fr\/tag\/keir-starmer\/\" class=\"link \" rel=\"nofollow noopener\" target=\"_blank\" data-ylk=\"slk:Keir Starmer;elm:context_link;itc:0;sec:content-canvas\">Keir Starmer<\/a><\/strong> doit marquer un tournant. Apr\u00e8s une rentr\u00e9e politique difficile \u2013 annonces impopulaires, d\u00e9missions minist\u00e9rielles, et une cr\u00e9dibilit\u00e9 fragilis\u00e9e \u2013 il doit rallumer l\u2019enthousiasme.<\/p>\n<p class=\"mb-4 text-lg md:leading-8 break-words\">Son discours inaugural porte la volont\u00e9 de \u00ab\u00a0renouveler le <strong><a href=\"https:\/\/www.rfi.fr\/fr\/tag\/royaume-uni\/\" rel=\"nofollow noopener\" target=\"_blank\" data-ylk=\"slk:Royaume\u2011Uni;elm:context_link;itc:0;sec:content-canvas\" class=\"link \">Royaume\u2011Uni<\/a><\/strong>\u00a0\u00bb mais en coulisses, les doutes persistent. Certains d\u00e9put\u00e9s sont d\u00e9j\u00e0 \u00e0 l\u2019aff\u00fbt d\u2019un possible remplacement, et Andy Burnham, le maire de Manchester, est sur le devant de la sc\u00e8ne avec ses critiques publiques sur la direction du parti.<\/p>\n<p class=\"mb-4 text-lg md:leading-8 break-words\">Keir Starmer doit donc faire mieux que des mots : apaiser les tensions internes, proposer une vision convaincante face au parti populiste Reform UK et redonner confiance \u00e0 une base fractur\u00e9e. Ce congr\u00e8s, c\u2019est l\u2019occasion ou jamais d\u2019offrir des solutions \u00e0 la fragmentation politique actuelle qui vont d\u00e9finir l\u2019avenir du Labour.<\/p>\n<p>Jeremy Corbyn, un concurrent de taille\u00a0?<\/p>\n<p class=\"mb-4 text-lg md:leading-8 break-words\">L&rsquo;ancienne figure controvers\u00e9e des travaillistes Jeremy Corbyn a d&rsquo;ailleurs lanc\u00e9 son propre parti, Your Party. Au point d&rsquo;\u00e9clipser le Parti travailliste ? Ce n&rsquo;est pas certain pour Laetitia Langlois, ma\u00eetre de conf\u00e9rences en civilisation britannique \u00e0 l&rsquo;universit\u00e9 d&rsquo;Angers. \u00ab\u00a0S&rsquo;il peut attirer quelques personnes derri\u00e8re lui qui veulent une politique beaucoup plus sociale, qui prennent aussi leurs distances avec Isra\u00ebl et qui sont beaucoup plus pour la Palestine \u2013 car Jeremy Corbyn avait <strong><a href=\"https:\/\/fr.news.yahoo.com\/royaume-uni-faux-proc%C3%A8s-%C3%A9voquer-072135238.html\" data-ylk=\"slk:un discours vraiment tr\u00e8s pro-palestinien;elm:context_link;itc:0;sec:content-canvas;outcm:mb_qualified_link;_E:mb_qualified_link;ct:story;\" class=\"link  yahoo-link\" target=\"_blank\" rel=\"noopener\">un discours vraiment tr\u00e8s pro-palestinien<\/a><\/strong>.\u00a0De l\u00e0 \u00e0 ce qu&rsquo;il construise un parti qui puisse vraiment faire de l&rsquo;ombre au Labour, cela semble difficile\u00a0\u00bb, explique-t-elle.<\/p>\n<p class=\"mb-4 text-lg md:leading-8 break-words\">\u00ab En revanche, voir l&rsquo;\u00e9mergence d&rsquo;un autre parti que le Parti travailliste ou le Parti conservateur \u2013 qui historiquement sont les deux seuls partis qui ont \u00e9t\u00e9 au pouvoir \u2013, c&rsquo;est Reform UK qui l\u00e0 est en train de prendre cette premi\u00e8re place et qui est vraiment quelque chose de tout \u00e0 fait in\u00e9dit \u00bb, poursuit Laetitia Langlois. \u00ab\u00a0Et la marche qui a eu lieu samedi 13 septembre \u00e0 Londres contre l&rsquo;immigration, men\u00e9e par Tommy Robinson, montre bien \u00e0 quel point les id\u00e9es d&rsquo;extr\u00eame droite ont p\u00e9n\u00e9tr\u00e9 le champ politique britannique\u00a0\u00bb, analyse-t-elle.<\/p>\n<p class=\"mb-4 text-lg md:leading-8 break-words\">\u00c0 \u00e9couter aussi<a href=\"https:\/\/www.rfi.fr\/fr\/podcasts\/accents-d-europe\/20250429-l-ascension-fulgurante-des-populistes-de-reform-uk\" class=\"link \" rel=\"nofollow noopener\" target=\"_blank\" data-ylk=\"slk:Accents d&#039;Europe \u2013 L&#039;ascension fulgurante des populistes de Reform UK;elm:context_link;itc:0;sec:content-canvas\">Accents d&rsquo;Europe \u2013 L&rsquo;ascension fulgurante des populistes de Reform UK<\/a><\/p>\n<p>R\u00e9pondre aux inqui\u00e9tudes des Britanniques face \u00e0 l&rsquo;immigration et \u00e0 l&rsquo;\u00e9conomie<\/p>\n<p class=\"mb-4 text-lg md:leading-8 break-words\">Le nouveau parti d&rsquo;extr\u00eame droite surclasse la droite et la gauche traditionnelle dans les sondages et les derni\u00e8res \u00e9lections locales. Le Premier ministre britannique peut-il inverser la tendance, notamment en se montrant plus ferme sur l&rsquo;immigration\u00a0? \u00ab\u00a0Il faudrait peut-\u00eatre en effet r\u00e9pondre \u00e0 certaines inqui\u00e9tudes des Britanniques. Il y a toujours eu, depuis la campagne, un discours assez ferme tout de m\u00eame sur l&rsquo;immigration. Mais les Britanniques ont l&rsquo;impression que \u00e7a ne fait rien, que ce ne sont pas des discours qui vont vraiment changer les choses, mais des actes fermes. Et ils ont l&rsquo;impression que les chiffres de demandeurs d&rsquo;asile sur leur sol sont toujours aussi importants\u00a0\u00bb, r\u00e9sume Laetitia Langlois.<\/p>\n<p class=\"mb-4 text-lg md:leading-8 break-words\">\u00ab\u00a0Mais il y a peut-\u00eatre, du c\u00f4t\u00e9 de l&rsquo;\u00e9conomie aussi, des mesures \u00e0 prendre pour faire en sorte que la vie des Britanniques soit moins difficile\u00a0\u00bb, ajoute-t-elle. \u00ab\u00a0Les chiffres de la pauvret\u00e9 sont extr\u00eamement hauts, et notamment la pauvret\u00e9 infantile qui est quand m\u00eame deux fois plus \u00e9lev\u00e9e qu&rsquo;en France, et une politique travailliste plus sociale serait certainement la bienvenue aupr\u00e8s d&rsquo;une population britannique qui souffre.\u00a0\u00bb<\/p>\n<p class=\"mb-4 text-lg md:leading-8 break-words\">\u00c0 lire aussi<a href=\"https:\/\/fr.news.yahoo.com\/royaume-uni-militant-dextr%C3%AAme-droite-162212733.html\" class=\"link  yahoo-link\" data-ylk=\"slk:Royaume-Uni: le militant d&#039;extr\u00eame droite Tommy Robinson r\u00e9unit plus de 100 000 personnes \u00e0 Londres;elm:context_link;itc:0;sec:content-canvas;outcm:mb_qualified_link;_E:mb_qualified_link;ct:story;\" target=\"_blank\" rel=\"noopener\">Royaume-Uni: le militant d&rsquo;extr\u00eame droite Tommy Robinson r\u00e9unit plus de 100 000 personnes \u00e0 Londres<\/a><\/p>\n","protected":false},"excerpt":{"rendered":"Le Parti travailliste d\u00e9marre sa conf\u00e9rence annuelle sous haute tension politique. Apr\u00e8s la d\u00e9cision historique du Royaume-Uni de&hellip;\n","protected":false},"author":2,"featured_media":422557,"comment_status":"","ping_status":"","sticky":false,"template":"","format":"standard","meta":{"footnotes":""},"categories":[1588],"tags":[11,55171,1777,674,41259,2581,4914,12,17712,48975,473,1853,1851,1850,1852],"class_list":{"0":"post-422556","1":"post","2":"type-post","3":"status-publish","4":"format-standard","5":"has-post-thumbnail","7":"category-royaume-uni","8":"tag-actualites","9":"tag-andy-burnham","10":"tag-eu","11":"tag-europe","12":"tag-jeremy-corbyn","13":"tag-keir-starmer","14":"tag-maitre-de-conferences","15":"tag-news","16":"tag-parti-travailliste","17":"tag-rentree-politique","18":"tag-royaume-uni","19":"tag-royaume-uni-de-grande-bretagne-et-dirlande-du-nord","20":"tag-uk","21":"tag-united-kingdom","22":"tag-united-kingdom-of-great-britain-and-northern-ireland"},"share_on_mastodon":{"url":"https:\/\/pubeurope.com\/@fr\/115279032765024899","error":""},"_links":{"self":[{"href":"https:\/\/www.europesays.com\/fr\/wp-json\/wp\/v2\/posts\/422556","targetHints":{"allow":["GET"]}}],"collection":[{"href":"https:\/\/www.europesays.com\/fr\/wp-json\/wp\/v2\/posts"}],"about":[{"href":"https:\/\/www.europesays.com\/fr\/wp-json\/wp\/v2\/types\/post"}],"author":[{"embeddable":true,"href":"https:\/\/www.europesays.com\/fr\/wp-json\/wp\/v2\/users\/2"}],"replies":[{"embeddable":true,"href":"https:\/\/www.europesays.com\/fr\/wp-json\/wp\/v2\/comments?post=422556"}],"version-history":[{"count":0,"href":"https:\/\/www.europesays.com\/fr\/wp-json\/wp\/v2\/posts\/422556\/revisions"}],"wp:featuredmedia":[{"embeddable":true,"href":"https:\/\/www.europesays.com\/fr\/wp-json\/wp\/v2\/media\/422557"}],"wp:attachment":[{"href":"https:\/\/www.europesays.com\/fr\/wp-json\/wp\/v2\/media?parent=422556"}],"wp:term":[{"taxonomy":"category","embeddable":true,"href":"https:\/\/www.europesays.com\/fr\/wp-json\/wp\/v2\/categories?post=422556"},{"taxonomy":"post_tag","embeddable":true,"href":"https:\/\/www.europesays.com\/fr\/wp-json\/wp\/v2\/tags?post=422556"}],"curies":[{"name":"wp","href":"https:\/\/api.w.org\/{rel}","templated":true}]}}