{"id":422574,"date":"2025-09-28T00:24:15","date_gmt":"2025-09-28T00:24:15","guid":{"rendered":"https:\/\/www.europesays.com\/fr\/422574\/"},"modified":"2025-09-28T00:24:15","modified_gmt":"2025-09-28T00:24:15","slug":"jorge-martin-victime-dune-fracture-de-la-clavicule-au-sprint-du-grand-prix-du-japon-lequipe","status":"publish","type":"post","link":"https:\/\/www.europesays.com\/fr\/422574\/","title":{"rendered":"Jorge Martin victime d&#039;une fracture de la clavicule au sprint du Grand Prix du Japon &#8211; L&#039;\u00c9quipe"},"content":{"rendered":"<ol>\n<li><a href=\"https:\/\/news.google.com\/rss\/articles\/CBMiywFBVV95cUxNalRGeGN4N1phQXMzR05ic0pKZmVuWnVrUEtEVzRicll2TC12dnp2Q1FXa29kVVE3ajVoSElmYjVnbERackxwdDFKRHpsRWxCamhDaVMyaVY3NVJSdzRGYlVkUXBnY0NqSXVFb1hmZTgwNmFfclQteHo1RDBSMFZSLW03bk1NcjRmN25nTFBwUXlEaEFDSWhLak5kS0FzcHRidkZwMzROQ2MxV0FhdThUaDRCTGczVF9QVGcwdkNCaUZiTEVrOFJlOFYzYw?oc=5\" target=\"_blank\" rel=\"nofollow noopener\">Jorge Martin victime d&rsquo;une fracture de la clavicule au sprint du Grand Prix du Japon<\/a>&nbsp;&nbsp;L&rsquo;\u00c9quipe<\/li>\n<li><a href=\"https:\/\/news.google.com\/rss\/articles\/CBMigAJBVV95cUxNZExLZm56aUlMQVpKWldqb184VkExdmM5bE1tajdDVGJtOS10cTVCeENQdlJ3MHhqU2NGTXNXeHlBeEFWaGlPSlMwQ1hFVkpZOWRISTJadDFMcmxiT2FnLWQtMFNaV3c0UWNIenVxT2doTWxvanNFbUh3cFFVMGlVdVZYTnFQYnlnTnpuVXhHQ3hGbXV5cHdwbEo2ak1mdzdkbk5FZnI1QmhrSnQ0QXY2a2Y1ZWdhYlZSelh4VFdlVEt0OFZIazFmcURkUUxGODY1bHk2cmVTX0poTVBJWk5uRGlOREJpcW9MNEpZaWRmMTBwSW9WNFFqSnFfSi1jdlYz?oc=5\" target=\"_blank\" rel=\"nofollow noopener\">Johann Zarco revient sur l&rsquo;accrochage entre les Aprilia et son abandon en course sprint du Grand Prix du Japon 2025 MotoGP<\/a>&nbsp;&nbsp;CANAL+<\/li>\n<li><a href=\"https:\/\/news.google.com\/rss\/articles\/CBMipgFBVV95cUxQWWJrOFpJT1NteHVXQ2JiRmxUMVczdi1XTy1Ma0U4Z1NOQWllNTAwWFZFcm00czlVZ01vWUpqSEx1NTI1R2xVbzRfSkhrVmhMTzlnRXhXYnp0bU56OVFZMmRVaVUzRTNoSVFBRkFlNkE1Y0lnTnVHR2tGbmNheDc4WmxwY0dMd1gxU3lBM3hxR0FSNnhlcjFGN2JTVnpLYlBxZEJXUlFn?oc=5\" target=\"_blank\" rel=\"nofollow noopener\">Fracture de la clavicule et forfait pour Mart\u00edn au GP de Japon<\/a>&nbsp;&nbsp;motogp.com<\/li>\n<li><a href=\"https:\/\/news.google.com\/rss\/articles\/CBMihgJBVV95cUxNaktjTDBkN2h1VGx0eHJ6SzRYRzJiS1JwOWRGcEE3dVBQUkRqd2RIc3cyamZ4VHpzZWNZNGdSdWdGS1RlREw0NExwWWtJeU55S2JQcFRKWnNtR0dlZEptbThhcW5LODJ3YXVQWWRrSDhVMWxFYXFrajNKWGN3dXQzdTB0Q0VBTkdJWkY4cDR1UFJJMHlSNzVsNjV0emdzRVlBSDJfZVRBb2xIcUlfcHMyZGlUX0VrMTFEYzI3cWpWSXlkNklaZFAwR2NMdFc2ZVNEa0NxcnRZbEFpNDlIU3g4aFlLTVBGaG85VWlzRkduTFBFUmFWaW9ZRGhJZjM5S0hnbUJtTDRB?oc=5\" target=\"_blank\" rel=\"nofollow noopener\">VID\u00c9O MotoGP. Le crash impressionnant de Martin et Bezzecchi durant la course sprint au Japon<\/a>&nbsp;&nbsp;Ouest-France<\/li>\n<li><a href=\"https:\/\/news.google.com\/rss\/articles\/CBMijAFBVV95cUxPaGczZWxEMTdnZVI2aWwzdUdZVDBJRkZ2ODRrQTlGTjBiSGJTS3JYaVRXaVJsYnpWWmlhQ3phd1FaMF9zdm13V2pLaGxGak1rbmg3cXNiNlo0SUVCdl9CTkxwcFRma0JYT00tN2lqOFBJMy1mMG1jV0RSQ09vSkdEUXZNN3dna19STFh2QQ?oc=5\" target=\"_blank\" rel=\"nofollow noopener\">Zarco s&rsquo;est fait tr\u00e8s peur en fr\u00f4lant Mart\u00edn apr\u00e8s sa chute<\/a>&nbsp;&nbsp;Motorsport.com<\/li>\n<\/ol>\n","protected":false},"excerpt":{"rendered":"Jorge Martin victime d&rsquo;une fracture de la clavicule au sprint du Grand Prix du Japon&nbsp;&nbsp;L&rsquo;\u00c9quipe Johann Zarco revient&hellip;\n","protected":false},"author":2,"featured_media":422575,"comment_status":"","ping_status":"","sticky":false,"template":"","format":"standard","meta":{"footnotes":""},"categories":[1413],"tags":[1011,27,1457,1456,60],"class_list":{"0":"post-422574","1":"post","2":"type-post","3":"status-publish","4":"format-standard","5":"has-post-thumbnail","7":"category-moto","8":"tag-fr","9":"tag-france","10":"tag-moto","11":"tag-motocycle","12":"tag-sports"},"share_on_mastodon":{"url":"https:\/\/pubeurope.com\/@fr\/115279079910717445","error":""},"_links":{"self":[{"href":"https:\/\/www.europesays.com\/fr\/wp-json\/wp\/v2\/posts\/422574","targetHints":{"allow":["GET"]}}],"collection":[{"href":"https:\/\/www.europesays.com\/fr\/wp-json\/wp\/v2\/posts"}],"about":[{"href":"https:\/\/www.europesays.com\/fr\/wp-json\/wp\/v2\/types\/post"}],"author":[{"embeddable":true,"href":"https:\/\/www.europesays.com\/fr\/wp-json\/wp\/v2\/users\/2"}],"replies":[{"embeddable":true,"href":"https:\/\/www.europesays.com\/fr\/wp-json\/wp\/v2\/comments?post=422574"}],"version-history":[{"count":0,"href":"https:\/\/www.europesays.com\/fr\/wp-json\/wp\/v2\/posts\/422574\/revisions"}],"wp:featuredmedia":[{"embeddable":true,"href":"https:\/\/www.europesays.com\/fr\/wp-json\/wp\/v2\/media\/422575"}],"wp:attachment":[{"href":"https:\/\/www.europesays.com\/fr\/wp-json\/wp\/v2\/media?parent=422574"}],"wp:term":[{"taxonomy":"category","embeddable":true,"href":"https:\/\/www.europesays.com\/fr\/wp-json\/wp\/v2\/categories?post=422574"},{"taxonomy":"post_tag","embeddable":true,"href":"https:\/\/www.europesays.com\/fr\/wp-json\/wp\/v2\/tags?post=422574"}],"curies":[{"name":"wp","href":"https:\/\/api.w.org\/{rel}","templated":true}]}}