{"id":422576,"date":"2025-09-28T00:25:23","date_gmt":"2025-09-28T00:25:23","guid":{"rendered":"https:\/\/www.europesays.com\/fr\/422576\/"},"modified":"2025-09-28T00:25:23","modified_gmt":"2025-09-28T00:25:23","slug":"maxime-carabin-accuse-davoir-menti-sur-son-handicap-a-ete-reclassifie-par-les-instances-lequipe","status":"publish","type":"post","link":"https:\/\/www.europesays.com\/fr\/422576\/","title":{"rendered":"Maxime Carabin, accus\u00e9 d&#039;avoir menti sur son handicap, a \u00e9t\u00e9 reclassifi\u00e9 par les instances &#8211; L&#039;\u00c9quipe"},"content":{"rendered":"<ol>\n<li><a href=\"https:\/\/news.google.com\/rss\/articles\/CBMi8wFBVV95cUxNUldzbWVfa2lFU1NNbmVfMlREZkF1UlZDSFpHSlFqaFhNYjhIQWhEYjdpRmhLUFRPQmhpMU4xYTNQRWYtMEZ2eTZ6SW5OdlI1cGJ4RUcxR1otVnJPT0pOc1oxUWpyRk4xSWNWT2oxcDJEMnUzbU5mLW1wU1A0dkhDc0FwRWFDM3JzX3NobFV5REwwbno4OWRlWXBtZGc2dE8xTHRTaENyU2lndnRxdXVDdGIxVkdhejIxWVVrQzVnZU5SYW41MWZSUzhlUWJyRmpIWnZETHpJMkwxRTY0bWVuWm1fOFM2YjVkNHZXRk51Q0lNM1E?oc=5\" target=\"_blank\" rel=\"noopener\">Maxime Carabin, accus\u00e9 d&rsquo;avoir menti sur son handicap, a \u00e9t\u00e9 reclassifi\u00e9 par les instances<\/a>&nbsp;&nbsp;L&rsquo;\u00c9quipe<\/li>\n<li><a href=\"https:\/\/news.google.com\/rss\/articles\/CBMiyAFBVV95cUxOUjJqYjZIWXlmYkpZQmUyM0hDcFMyTE96UUdMWERXalZrUUVMWXBQeWRvelZOakpXOHVXYzhQVDc3d01SQjFGZElQZHJMcTNhOFZCZW1FSkVwWGNCbnhkVGZyVEp3MjJ1MkVoWHl0RmVMWF93dzJnVDd0NXlaalZzeEExNGIyT2p3NlJsamZpMlJySXB5UW00TEZoakNCd05RTnZoejZnS2dZYlVESklWZjA5WERRX0Ewa2ZhRzFLbGpENVJVaDI1UA?oc=5\" target=\"_blank\" rel=\"noopener\">Para-athl\u00e9tisme : Maxime Carabin reclassifi\u00e9 provisoirement, il passe de la cat\u00e9gorie T52 \u00e0 T53<\/a>&nbsp;&nbsp;RTBF<\/li>\n<li><a href=\"https:\/\/news.google.com\/rss\/articles\/CBMilgJBVV95cUxQNHB1YW4tRkhmSnlmbjdsV3Z6Z0NfaE5zb3hzTlVRcEpJczc4SThsdFdoaVF0OS1KVV9zRU45VXpuazJ3b3pWZGhveE92TGFHN0ROQV9QTFdEcmxqYmtOUDFYdEpkaElJMUI4cFdLM1RUdkhXT1RFSHVNd0QyWjZrWV9EVVdQaVRVXzBkTGd3LWJocU53TWVjX2FWOUtSUmVYckVzMEcyVkoyZEIzNHZrNnhBcGdra1NxLW1ERmh3QjZaYURXR012UDhMVWJDWmJ4MlZFTVdvVlBOLW80Q2FSN0JvaGE4MVpGSG5sa3J2QjlIa2p1SXNjN2VHeTdUWXRoN1VodldJS3RXWWhxQXp1bW9jakd6QQ?oc=5\" target=\"_blank\" rel=\"noopener\">Du nouveau dans l&rsquo;affaire Maxime Carabin: une proc\u00e9dure de changement de classification est en cours<\/a>&nbsp;&nbsp;DHnet<\/li>\n<li><a href=\"https:\/\/news.google.com\/rss\/articles\/CBMixwFBVV95cUxOY2pTRjRTNWUyMWlEVkQ5LXE3M1NPTEVtMVplNEVlOU5rRGZGZlJyMmJCbl9mUXJFa1FoU1RKbWV5WU11V1kycGQtbkZiTi1lM3NUZ05ILXBNc2dOemRDX2R5TDRMei05WGJKcWlDdUo3R01XdWg4Qk54Z2IzRHBCRDMtUUZJNmhEMFU4Y2xHMjhmWEt6Q2FsWTBmMmZaSWdjckR1QmVBR3paMmItbHpsSkY2clJTTEE2bm1uXzQ4eng5YktDM0RN0gHMAUFVX3lxTE8tVzluLWdtLTR0M25MUTZ2WEQzR2tpWHFtaXVkVUNxdjhnbEJmY1NCMnNfSTM0eWNWWjZWdEJ5TVRLelJSX1p2UEdJVzI0aFpyQ05oWDZ6Y2VYOGprbWtYR2tWSXBBRHJaYU9DUHFVZ2JTRXJHOFhwd0NQdkVYTzQyNjRSVW4tY0t1WGFMNUUtb1hMaWlza3JsOGZwbUZsWVI2dndvamxRLU1CSWZXWHVXWXlUcUhrZW9iUHNRYnhGSWNuVlUxWUZWQ0JSYQ?oc=5\" target=\"_blank\" rel=\"noopener\">Maxime Carabin, le champion paralympique belge remis en question, change de cat\u00e9gorie<\/a>&nbsp;&nbsp;Sport.fr<\/li>\n<li><a href=\"https:\/\/news.google.com\/rss\/articles\/CBMirgFBVV95cUxOZThrWHF4Mi1PR0lTai1UaHdVSDhHSXBFbVNsTkRSRDFKdDRObEdvX1d0cldmVGtxTlYtakVkQmFqSm1idjY3OXRvZzg3Y09TUkpzZDhneDl6M1B5WmdfS3E4a0hnam5NY3JTaDRxRTd5LS1yN204VFJ5eUR0RWhzNGlBZTMwNVZtM2JWaDJsNnJjTGZPUWQ4WHdDNEprcVhwRnFiVU5TNWpzYUlnbUE?oc=5\" target=\"_blank\" rel=\"noopener\">Para-athl\u00e9tisme : l\u2019avenir de Maxime Carabin fix\u00e9 dans les prochains jours<\/a>&nbsp;&nbsp;RTBF<\/li>\n<\/ol>\n","protected":false},"excerpt":{"rendered":"Maxime Carabin, accus\u00e9 d&rsquo;avoir menti sur son handicap, a \u00e9t\u00e9 reclassifi\u00e9 par les instances&nbsp;&nbsp;L&rsquo;\u00c9quipe Para-athl\u00e9tisme : Maxime Carabin&hellip;\n","protected":false},"author":2,"featured_media":422577,"comment_status":"","ping_status":"","sticky":false,"template":"","format":"standard","meta":{"footnotes":""},"categories":[1412],"tags":[1451,1452,1453,1454,1455,1011,27,60],"class_list":{"0":"post-422576","1":"post","2":"type-post","3":"status-publish","4":"format-standard","5":"has-post-thumbnail","7":"category-f1","8":"tag-f1","9":"tag-formula-1","10":"tag-formula1","11":"tag-formule-1","12":"tag-formule1","13":"tag-fr","14":"tag-france","15":"tag-sports"},"share_on_mastodon":{"url":"https:\/\/pubeurope.com\/@fr\/115279083794992166","error":""},"_links":{"self":[{"href":"https:\/\/www.europesays.com\/fr\/wp-json\/wp\/v2\/posts\/422576","targetHints":{"allow":["GET"]}}],"collection":[{"href":"https:\/\/www.europesays.com\/fr\/wp-json\/wp\/v2\/posts"}],"about":[{"href":"https:\/\/www.europesays.com\/fr\/wp-json\/wp\/v2\/types\/post"}],"author":[{"embeddable":true,"href":"https:\/\/www.europesays.com\/fr\/wp-json\/wp\/v2\/users\/2"}],"replies":[{"embeddable":true,"href":"https:\/\/www.europesays.com\/fr\/wp-json\/wp\/v2\/comments?post=422576"}],"version-history":[{"count":0,"href":"https:\/\/www.europesays.com\/fr\/wp-json\/wp\/v2\/posts\/422576\/revisions"}],"wp:featuredmedia":[{"embeddable":true,"href":"https:\/\/www.europesays.com\/fr\/wp-json\/wp\/v2\/media\/422577"}],"wp:attachment":[{"href":"https:\/\/www.europesays.com\/fr\/wp-json\/wp\/v2\/media?parent=422576"}],"wp:term":[{"taxonomy":"category","embeddable":true,"href":"https:\/\/www.europesays.com\/fr\/wp-json\/wp\/v2\/categories?post=422576"},{"taxonomy":"post_tag","embeddable":true,"href":"https:\/\/www.europesays.com\/fr\/wp-json\/wp\/v2\/tags?post=422576"}],"curies":[{"name":"wp","href":"https:\/\/api.w.org\/{rel}","templated":true}]}}