{"id":422584,"date":"2025-09-28T00:29:11","date_gmt":"2025-09-28T00:29:11","guid":{"rendered":"https:\/\/www.europesays.com\/fr\/422584\/"},"modified":"2025-09-28T00:29:11","modified_gmt":"2025-09-28T00:29:11","slug":"lartiste-sicilien-alberto-ruce-signe-une-oeuvre-tout-en-transparence-en-hommage-aux-bergers-a-lozzi-en-haute-corse","status":"publish","type":"post","link":"https:\/\/www.europesays.com\/fr\/422584\/","title":{"rendered":"l&rsquo;artiste sicilien Alberto Ruce signe une \u0153uvre tout en transparence en hommage aux bergers \u00e0 Lozzi en Haute-Corse"},"content":{"rendered":"<p>Il est un peu chez lui. Sur une autre \u00eele que la sienne mais qui lui ressemble tellement. Papier abrasif en main, <strong>Alberto Ruce <\/strong>fixe la fa\u00e7ade de bois du b\u00e2timent face \u00e0 lui, une ancienne menuiserie de Lozzi qui n&rsquo;a plus vibr\u00e9 depuis bien longtemps. \u00ab\u00a0C&rsquo;est une mati\u00e8re qui a toujours quelque chose \u00e0 donner\u00a0\u00bb, lance-t-il sans d\u00e9crocher le regard des lames marqu\u00e9es par le passage du temps et l&rsquo;activit\u00e9 humaine. Des morceaux d&rsquo;une ancienne peinture, une ligne plus fonc\u00e9e, un creux dans le bois\u2026 L\u2019<strong>artiste italien<\/strong> se sert de chaque \u00e9l\u00e9ment pour peaufiner son \u0153uvre. \u00ab\u00a0Elle fait partie du support. L&rsquo;id\u00e9e est de s&rsquo;en servir pour cr\u00e9er quelque chose.\u00a0\u00bb Il peaufine l&rsquo;iris d&rsquo;un b\u00e9lier. Entre coup de peinture a\u00e9rosol et grattage au papier abrasif, ses gestes minutieux, ceux d&rsquo;un<strong> peintre <\/strong>et d&rsquo;un<strong> menuisier,<\/strong> permettent de multiplier les nuances et de faire surgir un \u0153il au r\u00e9alisme saisissant. La premi\u00e8re \u00e9tape d&rsquo;une \u0153uvre qui doit prendre toute la surface basse du cabanon, et une partie de l&rsquo;\u00e9tage\u00a0: un berger niulincu,<strong> Fran\u00e7ois Albertini<\/strong>, et son troupeau avec lesquels Alberto a pu passer \u00ab\u00a0un moment fort\u00a0\u00bb et prendre la photo qui sert de mod\u00e8le \u00e0 l&rsquo;\u0153uvre.<\/p>\n<p>L&rsquo;artiste suit les cours des Ateliers des Beaux-<\/p>\n","protected":false},"excerpt":{"rendered":"Il est un peu chez lui. Sur une autre \u00eele que la sienne mais qui lui ressemble tellement.&hellip;\n","protected":false},"author":2,"featured_media":422585,"comment_status":"","ping_status":"","sticky":false,"template":"","format":"standard","meta":{"footnotes":""},"categories":[1358],"tags":[17,28521,1348,1384,1385,1687,1386,58,59,1011,27,12420,55173,55172,55175,55174,3789],"class_list":{"0":"post-422584","1":"post","2":"type-post","3":"status-publish","4":"format-standard","5":"has-post-thumbnail","7":"category-arts-et-design","8":"tag-17","9":"tag-alberto","10":"tag-arts","11":"tag-arts-and-design","12":"tag-arts-et-design","13":"tag-culture-loisirs","14":"tag-design","15":"tag-divertissement","16":"tag-entertainment","17":"tag-fr","18":"tag-france","19":"tag-lartiste","20":"tag-lozzi","21":"tag-popularte","22":"tag-ruce","23":"tag-sicilien","24":"tag-signe"},"share_on_mastodon":{"url":"https:\/\/pubeurope.com\/@fr\/115279099604484043","error":""},"_links":{"self":[{"href":"https:\/\/www.europesays.com\/fr\/wp-json\/wp\/v2\/posts\/422584","targetHints":{"allow":["GET"]}}],"collection":[{"href":"https:\/\/www.europesays.com\/fr\/wp-json\/wp\/v2\/posts"}],"about":[{"href":"https:\/\/www.europesays.com\/fr\/wp-json\/wp\/v2\/types\/post"}],"author":[{"embeddable":true,"href":"https:\/\/www.europesays.com\/fr\/wp-json\/wp\/v2\/users\/2"}],"replies":[{"embeddable":true,"href":"https:\/\/www.europesays.com\/fr\/wp-json\/wp\/v2\/comments?post=422584"}],"version-history":[{"count":0,"href":"https:\/\/www.europesays.com\/fr\/wp-json\/wp\/v2\/posts\/422584\/revisions"}],"wp:featuredmedia":[{"embeddable":true,"href":"https:\/\/www.europesays.com\/fr\/wp-json\/wp\/v2\/media\/422585"}],"wp:attachment":[{"href":"https:\/\/www.europesays.com\/fr\/wp-json\/wp\/v2\/media?parent=422584"}],"wp:term":[{"taxonomy":"category","embeddable":true,"href":"https:\/\/www.europesays.com\/fr\/wp-json\/wp\/v2\/categories?post=422584"},{"taxonomy":"post_tag","embeddable":true,"href":"https:\/\/www.europesays.com\/fr\/wp-json\/wp\/v2\/tags?post=422584"}],"curies":[{"name":"wp","href":"https:\/\/api.w.org\/{rel}","templated":true}]}}