{"id":422602,"date":"2025-09-28T00:40:10","date_gmt":"2025-09-28T00:40:10","guid":{"rendered":"https:\/\/www.europesays.com\/fr\/422602\/"},"modified":"2025-09-28T00:40:10","modified_gmt":"2025-09-28T00:40:10","slug":"des-milliers-disraeliens-manifestent-a-tel-aviv-pour-un-accord-permettant-la-liberation-des-otages-a-gaza","status":"publish","type":"post","link":"https:\/\/www.europesays.com\/fr\/422602\/","title":{"rendered":"des milliers d&rsquo;Isra\u00e9liens manifestent \u00e0 Tel-Aviv pour un accord permettant la lib\u00e9ration des otages \u00e0 Gaza"},"content":{"rendered":"<p>Le ministre isra\u00e9lien d\u2019extr\u00eame droite charg\u00e9 de la s\u00e9curit\u00e9 nationale, Itamar Ben Gvir, a mis en garde M. Netanyahou contre la conclusion d\u2019un accord.<\/p>\n<p class=\"fig-paragraph\">Des milliers d&rsquo;Isra\u00e9liens se sont rassembl\u00e9s samedi soir \u00e0 Tel-Aviv pour r\u00e9clamer un accord mettant fin \u00e0 la\u00a0<a href=\"http:\/\/www.lefigaro.fr\/international\/nous-ne-nous-arreterons-pas-une-nouvelle-flottille-pour-gaza-est-partie-de-sicile-en-vue-de-briser-le-blocus-israelien-illegal-20250927\" target=\"_blank\" data-fig-type=\"NewsFlash\" rel=\"noopener nofollow\" data-gtm-custom-categorie=\"navigation\" data-gtm-custom-action=\"crossclick\" data-gtm-custom-label=\"Contextuel\" data-gtm-event=\"customEventSPE\" data-fig-domain=\"LEFIGARO\">guerre dans la bande de Gaza<\/a>, deux jours avant la rencontre pr\u00e9vue entre le Premier ministre Benyamin Netanyahou et le pr\u00e9sident am\u00e9ricain\u00a0<a href=\"http:\/\/www.lefigaro.fr\/international\/donald-trump-ordonne-le-deploiement-de-toutes-les-forces-armees-necessaires-a-portland-ravage-par-la-guerre-20250927\" target=\"_blank\" data-fig-type=\"NewsFlash\" rel=\"noopener nofollow\" data-gtm-custom-categorie=\"navigation\" data-gtm-custom-action=\"crossclick\" data-gtm-custom-label=\"Contextuel\" data-gtm-event=\"customEventSPE\" data-fig-domain=\"LEFIGARO\">Donald Trump<\/a>\u00a0\u00e0 Washington. Les manifestants ont d\u00e9ploy\u00e9 une grande banderole sur laquelle on pouvait lire\u00a0: \u00abTous les otages, ramenez-les chez eux maintenant\u00bb, alors qu&rsquo;ils se rassemblaient sur la place des Otages \u00e0 Tel-Aviv. \u00abLa seule chose qui puisse emp\u00eacher la descente dans l&rsquo;ab\u00eeme est un accord complet et global qui mette fin \u00e0 la guerre et ram\u00e8ne tous les otages et les soldats chez eux\u00bb, a d\u00e9clar\u00e9 Lishay Miran-Lavi, l&rsquo;\u00e9pouse d&rsquo;Omri Miran, toujours captif \u00e0 Gaza.<\/p>\n<p class=\"fig-paragraph\">S&rsquo;adressant directement au pr\u00e9sident am\u00e9ricain, elle l&rsquo;a exhort\u00e9 \u00e0 user de son \u00abinfluence aupr\u00e8s du premier ministre Netanyahou\u00bb. \u00abProlonger cette guerre ne fait qu&rsquo;exposer Omri et les autres otages \u00e0 un danger encore plus grand.\u00bb Ronen Ohel, dont le fr\u00e8re Alon Ohel est toujours retenu \u00e0 Gaza, a \u00e9galement appel\u00e9 M. Netanyahou \u00e0 conclure un accord de tr\u00eave. \u00abPas de lettres, pas de d\u00e9clarations, pas de retards. Il y a une opportunit\u00e9 maintenant, il y a un moment o\u00f9 vous pouvez choisir d&rsquo;\u00eatre un leader\u00bb, a-t-il d\u00e9clar\u00e9.<\/p>\n<p class=\"fig-body-link\">\n            \u00c0 lire aussi<br \/>\n        <a class=\"fig-body-link__link fig-premium-mark\" href=\"http:\/\/www.lefigaro.fr\/international\/les-images-impressionnantes-des-destructions-provoquees-par-l-offensive-israelienne-sur-gaza-ville-20250926\" target=\"_blank\" data-fig-type=\"NewsFlash\" rel=\"noopener nofollow\" data-gtm-custom-categorie=\"navigation\" data-gtm-custom-action=\"crossclick\" data-gtm-custom-label=\"Contextuel\" data-gtm-event=\"customEventSPE\" data-fig-domain=\"LEFIGARO\">Les images impressionnantes des destructions provoqu\u00e9es par l\u2019offensive isra\u00e9lienne sur Gaza-ville<br \/>\n    <\/a>\n<\/p>\n<p>                                    <a class=\"fig-a11y-skip a11y-hidden\" href=\"#fig-a11y-skip-main-inarticle\"><br \/>\n        Passer la publicit\u00e9<br \/>\n    <\/a><\/p>\n<p>Tributaire de ses alli\u00e9s<\/p>\n<p class=\"fig-paragraph\">Le ministre isra\u00e9lien d&rsquo;extr\u00eame droite charg\u00e9 de la s\u00e9curit\u00e9 nationale, Itamar Ben Gvir, a mis en garde M. Netanyahou contre la conclusion d&rsquo;un accord. \u00abMonsieur le premier ministre, vous n&rsquo;avez pas le mandat de mettre fin \u00e0 la guerre sans la d\u00e9faite totale du Hamas\u00bb, a-t-il \u00e9crit sur X. M. Netanyahou, qui ne dispose plus d&rsquo;une majorit\u00e9 absolue au Parlement, est tributaire de ses alli\u00e9s d&rsquo;extr\u00eame droite.<\/p>\n<p class=\"fig-paragraph\">Ces derniers refusent tout accord de lib\u00e9ration d&rsquo;otages avec le Hamas, et plaident pour la poursuite de la guerre jusqu&rsquo;\u00e0 l&rsquo;an\u00e9antissement du mouvement islamiste palestinien, dont l&rsquo;attaque sans pr\u00e9c\u00e9dent contre Isra\u00ebl le 7 octobre 2023 a d\u00e9clench\u00e9 la guerre \u00e0 Gaza.<\/p>\n<p class=\"fig-paragraph\">Cette attaque a entra\u00een\u00e9 du c\u00f4t\u00e9 isra\u00e9lien la mort de 1\u00a0219 personnes, en majorit\u00e9 des civils, selon un bilan \u00e9tabli par l&rsquo;AFP \u00e0 partir de donn\u00e9es officielles. Sur les 251 personnes enlev\u00e9es lors de l&rsquo;attaque, 47 sont toujours retenues \u00e0 Gaza, dont 25 consid\u00e9r\u00e9es comme mortes par l&rsquo;arm\u00e9e isra\u00e9lienne.<\/p>\n<p class=\"fig-paragraph\">L&rsquo;offensive isra\u00e9lienne men\u00e9e en repr\u00e9sailles sur Gaza a fait 65\u00a0926 morts, en majorit\u00e9 des civils, selon les chiffres du minist\u00e8re de la Sant\u00e9 du gouvernement du Hamas, jug\u00e9s fiables par l&rsquo;ONU.<\/p>\n","protected":false},"excerpt":{"rendered":"Le ministre isra\u00e9lien d\u2019extr\u00eame droite charg\u00e9 de la s\u00e9curit\u00e9 nationale, Itamar Ben Gvir, a mis en garde M.&hellip;\n","protected":false},"author":2,"featured_media":422603,"comment_status":"","ping_status":"","sticky":false,"template":"","format":"standard","meta":{"footnotes":""},"categories":[5],"tags":[11,1011,27,665,14,12,28],"class_list":{"0":"post-422602","1":"post","2":"type-post","3":"status-publish","4":"format-standard","5":"has-post-thumbnail","7":"category-international","8":"tag-actualites","9":"tag-fr","10":"tag-france","11":"tag-gaza","12":"tag-international","13":"tag-news","14":"tag-world"},"share_on_mastodon":{"url":"https:\/\/pubeurope.com\/@fr\/115279142923833547","error":""},"_links":{"self":[{"href":"https:\/\/www.europesays.com\/fr\/wp-json\/wp\/v2\/posts\/422602","targetHints":{"allow":["GET"]}}],"collection":[{"href":"https:\/\/www.europesays.com\/fr\/wp-json\/wp\/v2\/posts"}],"about":[{"href":"https:\/\/www.europesays.com\/fr\/wp-json\/wp\/v2\/types\/post"}],"author":[{"embeddable":true,"href":"https:\/\/www.europesays.com\/fr\/wp-json\/wp\/v2\/users\/2"}],"replies":[{"embeddable":true,"href":"https:\/\/www.europesays.com\/fr\/wp-json\/wp\/v2\/comments?post=422602"}],"version-history":[{"count":0,"href":"https:\/\/www.europesays.com\/fr\/wp-json\/wp\/v2\/posts\/422602\/revisions"}],"wp:featuredmedia":[{"embeddable":true,"href":"https:\/\/www.europesays.com\/fr\/wp-json\/wp\/v2\/media\/422603"}],"wp:attachment":[{"href":"https:\/\/www.europesays.com\/fr\/wp-json\/wp\/v2\/media?parent=422602"}],"wp:term":[{"taxonomy":"category","embeddable":true,"href":"https:\/\/www.europesays.com\/fr\/wp-json\/wp\/v2\/categories?post=422602"},{"taxonomy":"post_tag","embeddable":true,"href":"https:\/\/www.europesays.com\/fr\/wp-json\/wp\/v2\/tags?post=422602"}],"curies":[{"name":"wp","href":"https:\/\/api.w.org\/{rel}","templated":true}]}}