{"id":422607,"date":"2025-09-28T00:45:17","date_gmt":"2025-09-28T00:45:17","guid":{"rendered":"https:\/\/www.europesays.com\/fr\/422607\/"},"modified":"2025-09-28T00:45:17","modified_gmt":"2025-09-28T00:45:17","slug":"pas-dexploit-pour-saint-etienne-de-chigny-le-petit-poucet-tourangeau","status":"publish","type":"post","link":"https:\/\/www.europesays.com\/fr\/422607\/","title":{"rendered":"pas d\u2019exploit pour Saint-Etienne-de-Chigny, le petit poucet tourangeau"},"content":{"rendered":"<p><strong>Saint-Etienne-de-Chigny (D3) &#8211; Pourtugais Mehun (R2)\u00a0: 1-4<\/strong><\/p>\n<p>Saint-Etienne de Chigny (D3) accueillait, aux Bercelleries ce samedi 27\u00a0septembre 2025, les Portugais de Mehun (R2) pour le quatri\u00e8me tour de la Coupe de France. Malgr\u00e9\u00a0une affiche d\u00e9s\u00e9quilibr\u00e9e sur le papier, le suspense a tenu un bon moment&#8230;. <\/p>\n<p>    Cet article a \u00e9t\u00e9 tronqu\u00e9. Abonnez-vous pour lire l&rsquo;article complet sur notre site.<\/p>\n<p style=\"margin: 0 !important; padding: 0 !important; font-size: 12px !important;\">Cet article a \u00e9t\u00e9 tronqu\u00e9. Abonnez-vous pour lire l&rsquo;article complet.<\/p>\n<p>    <a href=\"https:\/\/www.lanouvellerepublique.fr\/abonnements\" style=\"display: inline-block; margin-top: 5px !important; padding: 6px 12px !important; background: #cb1c27; color: white; text-decoration: none; border-radius: 4px; font-size: 12px !important;\" target=\"_blank\" rel=\"noopener\"><br \/>\n      S&rsquo;abonner<br \/>\n    <\/a><\/p>\n","protected":false},"excerpt":{"rendered":"Saint-Etienne-de-Chigny (D3) &#8211; Pourtugais Mehun (R2)\u00a0: 1-4 Saint-Etienne de Chigny (D3) accueillait, aux Bercelleries ce samedi 27\u00a0septembre 2025,&hellip;\n","protected":false},"author":2,"featured_media":422608,"comment_status":"","ping_status":"","sticky":false,"template":"","format":"standard","meta":{"footnotes":""},"categories":[9653],"tags":[1111,11,2430,52302,1777,674,63,1011,27,1387,12,25,4001,13222,60],"class_list":{"0":"post-422607","1":"post","2":"type-post","3":"status-publish","4":"format-standard","5":"has-post-thumbnail","7":"category-saint-etienne","8":"tag-actu","9":"tag-actualites","10":"tag-auvergne-rhone-alpes","11":"tag-coupe-de-france-football","12":"tag-eu","13":"tag-europe","14":"tag-football","15":"tag-fr","16":"tag-france","17":"tag-indre-et-loire","18":"tag-news","19":"tag-republique-francaise","20":"tag-saint-etienne","21":"tag-saint-etienne-de-chigny","22":"tag-sports"},"share_on_mastodon":{"url":"https:\/\/pubeurope.com\/@fr\/115279162432903693","error":""},"_links":{"self":[{"href":"https:\/\/www.europesays.com\/fr\/wp-json\/wp\/v2\/posts\/422607","targetHints":{"allow":["GET"]}}],"collection":[{"href":"https:\/\/www.europesays.com\/fr\/wp-json\/wp\/v2\/posts"}],"about":[{"href":"https:\/\/www.europesays.com\/fr\/wp-json\/wp\/v2\/types\/post"}],"author":[{"embeddable":true,"href":"https:\/\/www.europesays.com\/fr\/wp-json\/wp\/v2\/users\/2"}],"replies":[{"embeddable":true,"href":"https:\/\/www.europesays.com\/fr\/wp-json\/wp\/v2\/comments?post=422607"}],"version-history":[{"count":0,"href":"https:\/\/www.europesays.com\/fr\/wp-json\/wp\/v2\/posts\/422607\/revisions"}],"wp:featuredmedia":[{"embeddable":true,"href":"https:\/\/www.europesays.com\/fr\/wp-json\/wp\/v2\/media\/422608"}],"wp:attachment":[{"href":"https:\/\/www.europesays.com\/fr\/wp-json\/wp\/v2\/media?parent=422607"}],"wp:term":[{"taxonomy":"category","embeddable":true,"href":"https:\/\/www.europesays.com\/fr\/wp-json\/wp\/v2\/categories?post=422607"},{"taxonomy":"post_tag","embeddable":true,"href":"https:\/\/www.europesays.com\/fr\/wp-json\/wp\/v2\/tags?post=422607"}],"curies":[{"name":"wp","href":"https:\/\/api.w.org\/{rel}","templated":true}]}}