{"id":422609,"date":"2025-09-28T00:49:34","date_gmt":"2025-09-28T00:49:34","guid":{"rendered":"https:\/\/www.europesays.com\/fr\/422609\/"},"modified":"2025-09-28T00:49:34","modified_gmt":"2025-09-28T00:49:34","slug":"vote-as-nancy-lorraine-stade-de-reims-des-pronostics-assez-partages","status":"publish","type":"post","link":"https:\/\/www.europesays.com\/fr\/422609\/","title":{"rendered":"Vote. AS Nancy Lorraine &#8211; Stade de Reims\u00a0: des pronostics assez partag\u00e9s&#8230;"},"content":{"rendered":"<p>Vous avez \u00e9t\u00e9 plus de 800 \u00e0 livrer votre pronostic sur le match qui oppose ce vendredi soir l&rsquo;ASNL au Stade de Reims. Et <a href=\"https:\/\/www.estrepublicain.fr\/sport\/2025\/09\/25\/as-nancy-lorraine-reims-quel-est-votre-pronostic\" target=\"_blank\" rel=\"noopener\">le r\u00e9sultat est assez partag\u00e9<\/a>.<\/p>\n<p>36 % d&rsquo;entre vous font preuve d&rsquo;optimisme en pr\u00e9disant une victoire des Nanc\u00e9iens face au rel\u00e9gu\u00e9 r\u00e9mois. Mais vous \u00eates 40 % \u00e0 vous montrer plus prudents en pronostiquant un match nul entre Lorrains et Champenois.<\/p>\n<p>24 % des participants \u00e0 <a href=\"https:\/\/www.estrepublicain.fr\/sport\/2025\/09\/25\/as-nancy-lorraine-reims-quel-est-votre-pronostic\" target=\"_blank\" rel=\"noopener\">notre consultation<\/a> sont davantage pessimistes en craignant une d\u00e9faite des joueurs de Pablo Correa. Verdict sur les coups de 22 heures.\u00a0<\/p>\n","protected":false},"excerpt":{"rendered":"Vous avez \u00e9t\u00e9 plus de 800 \u00e0 livrer votre pronostic sur le match qui oppose ce vendredi soir&hellip;\n","protected":false},"author":2,"featured_media":422610,"comment_status":"","ping_status":"","sticky":false,"template":"","format":"standard","meta":{"footnotes":""},"categories":[9635],"tags":[1111,11,3703,1707,1704,1705,1777,674,107,1701,63,1011,27,775,1702,12,25,517,1700,10606],"class_list":{"0":"post-422609","1":"post","2":"type-post","3":"status-publish","4":"format-standard","5":"has-post-thumbnail","7":"category-nancy","8":"tag-actu","9":"tag-actualites","10":"tag-asnl","11":"tag-edition-luneville","12":"tag-edition-nancy-et-agglomeration","13":"tag-edition-toul","14":"tag-eu","15":"tag-europe","16":"tag-fil-info","17":"tag-fil-info-sport","18":"tag-football","19":"tag-fr","20":"tag-france","21":"tag-grand-est","22":"tag-nancy","23":"tag-news","24":"tag-republique-francaise","25":"tag-sport","26":"tag-sport-lorrain","27":"tag-vote-sport-lorrain"},"share_on_mastodon":{"url":"https:\/\/pubeurope.com\/@fr\/115279178150577960","error":""},"_links":{"self":[{"href":"https:\/\/www.europesays.com\/fr\/wp-json\/wp\/v2\/posts\/422609","targetHints":{"allow":["GET"]}}],"collection":[{"href":"https:\/\/www.europesays.com\/fr\/wp-json\/wp\/v2\/posts"}],"about":[{"href":"https:\/\/www.europesays.com\/fr\/wp-json\/wp\/v2\/types\/post"}],"author":[{"embeddable":true,"href":"https:\/\/www.europesays.com\/fr\/wp-json\/wp\/v2\/users\/2"}],"replies":[{"embeddable":true,"href":"https:\/\/www.europesays.com\/fr\/wp-json\/wp\/v2\/comments?post=422609"}],"version-history":[{"count":0,"href":"https:\/\/www.europesays.com\/fr\/wp-json\/wp\/v2\/posts\/422609\/revisions"}],"wp:featuredmedia":[{"embeddable":true,"href":"https:\/\/www.europesays.com\/fr\/wp-json\/wp\/v2\/media\/422610"}],"wp:attachment":[{"href":"https:\/\/www.europesays.com\/fr\/wp-json\/wp\/v2\/media?parent=422609"}],"wp:term":[{"taxonomy":"category","embeddable":true,"href":"https:\/\/www.europesays.com\/fr\/wp-json\/wp\/v2\/categories?post=422609"},{"taxonomy":"post_tag","embeddable":true,"href":"https:\/\/www.europesays.com\/fr\/wp-json\/wp\/v2\/tags?post=422609"}],"curies":[{"name":"wp","href":"https:\/\/api.w.org\/{rel}","templated":true}]}}