{"id":42261,"date":"2025-04-21T19:55:10","date_gmt":"2025-04-21T19:55:10","guid":{"rendered":"https:\/\/www.europesays.com\/fr\/42261\/"},"modified":"2025-04-21T19:55:10","modified_gmt":"2025-04-21T19:55:10","slug":"un-truc-de-malade-lhumoriste-devoile-le-harcelement-quelle-a-vecu-dans-quotidien","status":"publish","type":"post","link":"https:\/\/www.europesays.com\/fr\/42261\/","title":{"rendered":"\u00ab\u00a0Un truc de malade\u00a0\u00bb, l\u2019humoriste d\u00e9voile le harc\u00e8lement qu\u2019elle a v\u00e9cu dans Quotidien"},"content":{"rendered":"<p>En 2025, Laura Felpin est une figure incontournable. La raison de sa notori\u00e9t\u00e9 ? Sa performance brillante et pleine de subtilit\u00e9 dans Bref 2, la seconde saison tant attendue de la s\u00e9rie culte, diffus\u00e9e 13 ans apr\u00e8s la premi\u00e8re. Mais ce n\u2019est pas tout. En 2022, elle a \u00e9galement marqu\u00e9 les esprits dans LOL &#8211; Qui rit, sort !  sur Prime Video. Plus r\u00e9cemment, elle est revenue sur les tensions internes qui l\u2019ont pouss\u00e9e \u00e0 quitter l\u2019\u00e9quipe de Quotidien.<\/p>\n<p>La com\u00e9dienne met les choses au clair sur son cancer<\/p>\n<p>Elle \u00e9tait venue promouvoir L&rsquo;amour, c&rsquo;est surc\u00f4t\u00e9, un film dans lequel elle partage l\u2019affiche avec Hakim Jemili et Mourad Winter. Lors de son passage sur le plateau de Quotidien le 14 avril 2025, Laura Felpin n&rsquo;a pas \u00e9chapp\u00e9 aux questions sur son \u00e9tat de sant\u00e9. Depuis la fin de l&rsquo;ann\u00e9e 2024, l\u2019actrice de 35 ans a appris qu\u2019elle \u00e9tait atteinte d\u2019un cancer thyro\u00efdien. Bien qu&rsquo;elle n&rsquo;ait pas cherch\u00e9 \u00e0 cacher cette information, elle a toutefois pr\u00e9cis\u00e9 \u00e0 Yann Barth\u00e8s : \u00ab\u00a0J&rsquo;ai pas envie d&rsquo;\u00eatre le porte-drapeau de tous les gens qui ont le cancer en France\u00a0\u00bb, le coupant net.<\/p>\n<p>Le t\u00e9moignage poignant de Laura Felpin sur le harc\u00e8lement subi au Quotidien<\/p>\n<p>Laura Felpin r\u00e9agit cash sur l&rsquo;\u00e9mission Quotidien : \u00ab\u00a0Au fil des mois, l&rsquo;exigence de travail allait devenir de plus en plus lourde. \u00c7a devenait un <strong>truc de malade<\/strong>. C\u2019\u00e9tait quatre personnages par semaine, avec des multi-g\u00e9n\u00e9riques pour chaque personnage, 10 minutes avant d\u2019entrer en plateau\u2026\u00a0\u00bb. (&#8230;)<\/p>\n<p><a href=\"https:\/\/www.closermag.fr\/people\/laura-felpin-un-truc-de-malade-lhumoriste-devoile-le-harcelement-quelle-a-vecu-dans-quotidien-3538646\" rel=\"nofollow noopener\" target=\"_blank\" data-ylk=\"slk:Lire la suite sur Closer;elm:context_link;itc:0;sec:content-canvas\" class=\"link \">Lire la suite sur Closer<\/a><\/p>\n<p><a href=\"https:\/\/www.closermag.fr\/vecu\/faits_divers\/pape-francois-la-cause-officielle-de-sa-mort-devoilee-par-le-vatican-3538717\" rel=\"nofollow noopener\" target=\"_blank\" data-ylk=\"slk:Pape Fran\u00e7ois : la cause officielle de sa mort d\u00e9voil\u00e9e par le Vatican;elm:context_link;itc:0;sec:content-canvas\" class=\"link \">Pape Fran\u00e7ois : la cause officielle de sa mort d\u00e9voil\u00e9e par le Vatican<\/a><br \/><a href=\"https:\/\/www.closermag.fr\/vecu\/7-hacks-de-menage-que-les-influenceuses-lifestyle-ne-veulent-pas-que-vous-connaissiez-3538726\" rel=\"nofollow noopener\" target=\"_blank\" data-ylk=\"slk:7 hacks de m\u00e9nage que les influenceuses lifestyle ne veulent pas que vous connaissiez;elm:context_link;itc:0;sec:content-canvas\" class=\"link \">7 hacks de m\u00e9nage que les influenceuses lifestyle ne veulent pas que vous connaissiez<\/a><br \/><a href=\"https:\/\/www.closermag.fr\/vecu\/record-du-monde-163-orgasmes-en-une-heure-3538718\" rel=\"nofollow noopener\" target=\"_blank\" data-ylk=\"slk:Record du monde : 163 orgasmes en une heure !;elm:context_link;itc:0;sec:content-canvas\" class=\"link \">Record du monde : 163 orgasmes en une heure !<\/a><br \/><a href=\"https:\/\/www.closermag.fr\/vecu\/elle-met-sa-virginite-aux-encheres-et-recolte-600-000-e-3538713\" rel=\"nofollow noopener\" target=\"_blank\" data-ylk=\"slk:Elle met sa virginit\u00e9 aux ench\u00e8res et r\u00e9colte 600 000 \u20ac;elm:context_link;itc:0;sec:content-canvas\" class=\"link \">Elle met sa virginit\u00e9 aux ench\u00e8res et r\u00e9colte 600 000 \u20ac<\/a><br \/><a href=\"https:\/\/www.closermag.fr\/vecu\/il-vend-des-bouillottes-aux-caraibes-et-devient-millionnaire-3538710\" rel=\"nofollow noopener\" target=\"_blank\" data-ylk=\"slk:Il vend des bouillottes aux Cara\u00efbes et devient millionnaire;elm:context_link;itc:0;sec:content-canvas\" class=\"link \">Il vend des bouillottes aux Cara\u00efbes et devient millionnaire<\/a><\/p>\n","protected":false},"excerpt":{"rendered":"En 2025, Laura Felpin est une figure incontournable. La raison de sa notori\u00e9t\u00e9 ? Sa performance brillante et&hellip;\n","protected":false},"author":2,"featured_media":42262,"comment_status":"","ping_status":"","sticky":false,"template":"","format":"standard","meta":{"footnotes":""},"categories":[1359],"tags":[12838,58,59,1011,27,12841,12837,12839,973,12840],"class_list":{"0":"post-42261","1":"post","2":"type-post","3":"status-publish","4":"format-standard","5":"has-post-thumbnail","7":"category-people","8":"tag-cancer-thyroidien","9":"tag-divertissement","10":"tag-entertainment","11":"tag-fr","12":"tag-france","13":"tag-hakim-jemili","14":"tag-laura-felpin","15":"tag-mourad-winter","16":"tag-people","17":"tag-serie-culte"},"share_on_mastodon":{"url":"https:\/\/pubeurope.com\/@fr\/114377714812989694","error":""},"_links":{"self":[{"href":"https:\/\/www.europesays.com\/fr\/wp-json\/wp\/v2\/posts\/42261","targetHints":{"allow":["GET"]}}],"collection":[{"href":"https:\/\/www.europesays.com\/fr\/wp-json\/wp\/v2\/posts"}],"about":[{"href":"https:\/\/www.europesays.com\/fr\/wp-json\/wp\/v2\/types\/post"}],"author":[{"embeddable":true,"href":"https:\/\/www.europesays.com\/fr\/wp-json\/wp\/v2\/users\/2"}],"replies":[{"embeddable":true,"href":"https:\/\/www.europesays.com\/fr\/wp-json\/wp\/v2\/comments?post=42261"}],"version-history":[{"count":0,"href":"https:\/\/www.europesays.com\/fr\/wp-json\/wp\/v2\/posts\/42261\/revisions"}],"wp:featuredmedia":[{"embeddable":true,"href":"https:\/\/www.europesays.com\/fr\/wp-json\/wp\/v2\/media\/42262"}],"wp:attachment":[{"href":"https:\/\/www.europesays.com\/fr\/wp-json\/wp\/v2\/media?parent=42261"}],"wp:term":[{"taxonomy":"category","embeddable":true,"href":"https:\/\/www.europesays.com\/fr\/wp-json\/wp\/v2\/categories?post=42261"},{"taxonomy":"post_tag","embeddable":true,"href":"https:\/\/www.europesays.com\/fr\/wp-json\/wp\/v2\/tags?post=42261"}],"curies":[{"name":"wp","href":"https:\/\/api.w.org\/{rel}","templated":true}]}}