{"id":422613,"date":"2025-09-28T00:52:18","date_gmt":"2025-09-28T00:52:18","guid":{"rendered":"https:\/\/www.europesays.com\/fr\/422613\/"},"modified":"2025-09-28T00:52:18","modified_gmt":"2025-09-28T00:52:18","slug":"rts-invite-une-jeune-chanteuse-a-chanter-avec-lheritage-goldman-au-zenith-de-montpellier","status":"publish","type":"post","link":"https:\/\/www.europesays.com\/fr\/422613\/","title":{"rendered":"RTS invite une jeune chanteuse \u00e0 chanter avec l&rsquo;H\u00e9ritage Goldman au Z\u00e9nith de Montpellier"},"content":{"rendered":"<p> Serena, la jeune talent du Sud, chantera avec l&rsquo;H\u00e9ritage Goldman au Z\u00e9nith de Montpellier<\/p>\n<p>Le samedi 4 octobre, le Z\u00e9nith de Montpellier accueillera l&rsquo;une des date de la tourn\u00e9e, l&rsquo;H\u00e9ritage Goldman. Parmi les artistes qui se produiront, une jeune chanteuse de Mont\u00e9limar, <strong>Serena<\/strong>, aura l&rsquo;honneur de monter sur sc\u00e8ne pour interpr\u00e9ter la c\u00e9l\u00e8bre chanson \u00ab Je te donne \u00bb. Tout ceci gr\u00e2ce \u00e0 la radio RTS qui tout long de la semaine a propos\u00e9 aux artistes r\u00e9gionaux d&rsquo;envoyer leurs vid\u00e9os par internet pour tenter leur chance.<\/p>\n<p>Serena, \u00e2g\u00e9e de 16 ans, a \u00e9t\u00e9 s\u00e9lectionn\u00e9e parmi de nombreuses candidatures. En effet, l&rsquo;\u00e9quipe de production a \u00e9t\u00e9 s\u00e9duite par son talent. En direct \u00e0 la radio, elle a re\u00e7u la nouvelle de sa s\u00e9lection, malgr\u00e9 un l\u00e9ger coup de froid qui l&rsquo;a clou\u00e9e au lit quelques jours. \u00ab Oh pur\u00e9e ! \u00bb a-t-elle r\u00e9agi, visiblement \u00e9mue par cette opportunit\u00e9. Elle a confirm\u00e9 que sa voix sera pr\u00eate pour le grand jour, exprimant sa joie d&rsquo;\u00eatre choisie parmi tant de talents.<\/p>\n<p>La jeune chanteuse n&rsquo;est pas \u00e9trang\u00e8re \u00e0 la sc\u00e8ne musicale. Elle a d\u00e9j\u00e0 particip\u00e9 \u00e0 des \u00e9v\u00e9nements tels que le RTS Live de La F\u00e9ria de B\u00e9ziers cet \u00e9t\u00e9 et a partag\u00e9 la sc\u00e8ne avec Mentissa au Rockstore de Montpellier pour le RTS Live en Mai. Ces exp\u00e9riences lui ont permis de d\u00e9velopper sa passion pour la musique et de se faire un nom dans la r\u00e9gion. Lors de l&rsquo;annonce, elle a d\u00e9clar\u00e9 : \u00ab J&rsquo;ai comme le sentiment que c&rsquo;est un nouveau r\u00eave qui va devenir r\u00e9alit\u00e9 pour moi gr\u00e2ce \u00e0 RTS \u00bb.<\/p>\n<p>Le concert au Z\u00e9nith de Montpellier promet d&rsquo;\u00eatre un moment m\u00e9morable. Serena se produira aux c\u00f4t\u00e9s d&rsquo;artistes renomm\u00e9s, dont <strong>Michael Jones<\/strong>, l&rsquo;acolyte de Jean-Jacques Goldman, qui interpr\u00e9tera la partie en anglais de \u00ab Je te donne \u00bb. Cette collaboration avec des figures embl\u00e9matiques de la musique fran\u00e7aise est une belle reconnaissance pour la jeune artiste.<\/p>\n<p>Le concert de l&rsquo;H\u00e9ritage Goldman au Z\u00e9nith de Montpellier s&rsquo;annonce comme une belle soir\u00e9e pleine de suprises et une occasion inesp\u00e9r\u00e9e pour Serena de briller sur une sc\u00e8ne prestigieuse. Les prochains jours seront cruciaux pour la pr\u00e9paration de Serena, qui devra se concentrer sur sa gu\u00e9rison et sa performance.<\/p>\n","protected":false},"excerpt":{"rendered":"Serena, la jeune talent du Sud, chantera avec l&rsquo;H\u00e9ritage Goldman au Z\u00e9nith de Montpellier Le samedi 4 octobre,&hellip;\n","protected":false},"author":2,"featured_media":422614,"comment_status":"","ping_status":"","sticky":false,"template":"","format":"standard","meta":{"footnotes":""},"categories":[9599],"tags":[1111,11,55197,55190,18944,2704,1697,1777,674,55192,55183,55193,55188,1011,27,16160,55180,55182,55178,55185,31413,6434,2208,10598,12,2680,21493,55187,55195,55189,55191,25,55184,45118,55186,55177,55194,1966,55196,55179,55181],"class_list":{"0":"post-422613","1":"post","2":"type-post","3":"status-publish","4":"format-standard","5":"has-post-thumbnail","7":"category-montpellier","8":"tag-actu","9":"tag-actualites","10":"tag-ambiance-concert","11":"tag-artistes-renommes","12":"tag-audition","13":"tag-chanteuse","14":"tag-concert","15":"tag-eu","16":"tag-europe","17":"tag-evenements-en-direct","18":"tag-evenements-musicaux","19":"tag-experience-live","20":"tag-fans-de-musique","21":"tag-fr","22":"tag-france","23":"tag-gagnants","24":"tag-heritage-goldman","25":"tag-je-te-donne","26":"tag-jeunes-talents","27":"tag-mentissa","28":"tag-michael-jones","29":"tag-montelimar","30":"tag-montpellier","31":"tag-musique-francaise","32":"tag-news","33":"tag-occitanie","34":"tag-opportunite","35":"tag-places-de-concert","36":"tag-plateforme-musicale","37":"tag-preparation-de-performance","38":"tag-radio-regionale","39":"tag-republique-francaise","40":"tag-rock-store","41":"tag-rts","42":"tag-scene-musicale","43":"tag-serena","44":"tag-soutien-aux-artistes","45":"tag-sud-de-la-france","46":"tag-talent-local","47":"tag-talents-du-sud","48":"tag-zenith-de-montpellier"},"share_on_mastodon":{"url":"","error":"Validation failed: Text character limit of 500 exceeded"},"_links":{"self":[{"href":"https:\/\/www.europesays.com\/fr\/wp-json\/wp\/v2\/posts\/422613","targetHints":{"allow":["GET"]}}],"collection":[{"href":"https:\/\/www.europesays.com\/fr\/wp-json\/wp\/v2\/posts"}],"about":[{"href":"https:\/\/www.europesays.com\/fr\/wp-json\/wp\/v2\/types\/post"}],"author":[{"embeddable":true,"href":"https:\/\/www.europesays.com\/fr\/wp-json\/wp\/v2\/users\/2"}],"replies":[{"embeddable":true,"href":"https:\/\/www.europesays.com\/fr\/wp-json\/wp\/v2\/comments?post=422613"}],"version-history":[{"count":0,"href":"https:\/\/www.europesays.com\/fr\/wp-json\/wp\/v2\/posts\/422613\/revisions"}],"wp:featuredmedia":[{"embeddable":true,"href":"https:\/\/www.europesays.com\/fr\/wp-json\/wp\/v2\/media\/422614"}],"wp:attachment":[{"href":"https:\/\/www.europesays.com\/fr\/wp-json\/wp\/v2\/media?parent=422613"}],"wp:term":[{"taxonomy":"category","embeddable":true,"href":"https:\/\/www.europesays.com\/fr\/wp-json\/wp\/v2\/categories?post=422613"},{"taxonomy":"post_tag","embeddable":true,"href":"https:\/\/www.europesays.com\/fr\/wp-json\/wp\/v2\/tags?post=422613"}],"curies":[{"name":"wp","href":"https:\/\/api.w.org\/{rel}","templated":true}]}}