{"id":422619,"date":"2025-09-28T00:58:30","date_gmt":"2025-09-28T00:58:30","guid":{"rendered":"https:\/\/www.europesays.com\/fr\/422619\/"},"modified":"2025-09-28T00:58:30","modified_gmt":"2025-09-28T00:58:30","slug":"le-festival-devoile-deja-les-premiers-artistes-qui-monteront-sur-scene","status":"publish","type":"post","link":"https:\/\/www.europesays.com\/fr\/422619\/","title":{"rendered":"le festival d\u00e9voile (d\u00e9j\u00e0) les premiers artistes qui monteront sur sc\u00e8ne"},"content":{"rendered":"<p>            Par<br \/>\n        <strong><br \/>\n            <a href=\"https:\/\/actu.fr\/auteur\/laurene-fertin\" title=\"Consulter tous les articles de Laur\u00e8ne Fertin\" rel=\"nofollow noopener\" target=\"_blank\">Laur\u00e8ne Fertin<\/a><br \/>\n        <\/strong><\/p>\n<p>        Publi\u00e9 le<\/p>\n<p>            27 sept. 2025 \u00e0 6h32        <\/p>\n<p><a href=\"https:\/\/actu.fr\/bretagne\/rennes_35238\/mythos-2025-a-rennes-en-tete-des-festival-payants-de-la-metropole-quel-bilan-pour-la-28e-edition_62474235.html\" rel=\"nofollow noopener\" target=\"_blank\">Apr\u00e8s la 28\u1d49 \u00e9dition<\/a>, <strong>la programmation de la 29\u1d49 <\/strong>commence d\u00e9j\u00e0 \u00e0 se d\u00e9voiler. <strong>Le festival Mythos<\/strong>, qui se d\u00e9roulera <strong>du 3 au 12\u00a0avril 2026<\/strong>, a communiqu\u00e9 les tout premiers noms de celles et ceux qui fouleront la sc\u00e8ne du Cabaret botanique, du Libert\u00e9 ou encore du MeM, \u00e0 Rennes.<\/p>\n<p>C\u0153ur de pirate, Charlie Winston\u2026<\/p>\n<p class=\" wall-content\">Et dans l\u2019ordre, il y aura\u2009:<\/p>\n<ul class=\" wall-content\">\n<li>pour le warm up, au MeM, la chanteuse qu\u00e9b\u00e9coise <strong>C\u0153ur de pirate,<\/strong> le 21\u00a0mars 2026\u2009;<\/li>\n<\/ul>\n<p class=\" wall-content\">\n<ul class=\" wall-content\">\n<li>sur la sc\u00e8ne du cabaret botanique, dans les jardins du Thabor\u2009: <strong>MPL<\/strong> (samedi 4\u00a0mars), <strong>Bertrand Belin<\/strong> (dimanche 5\u00a0avril), <strong>Deluxe<\/strong>\u00a0(lundi 6 avril) et <strong>Charlie Winston<\/strong> -jeudi 9 avril) \u2013 d\u2019autres viendront bien s\u00fbr compl\u00e9ter chaque soir\u00e9e ;<\/li>\n<\/ul>\n<p class=\" wall-content\">\n<ul class=\" wall-content\">\n<li>au Libert\u00e9, l\u2019artiste <strong>Thylacine<\/strong> le vendredi 3\u00a0avril.<\/li>\n<\/ul>\n<p class=\" wall-content\">\n<p class=\" wall-content\">Enfin, les artistes d\u00e9j\u00e0 annonc\u00e9s pr\u00e9c\u00e9demment sont<strong>The Doug<\/strong> (vendredi 3\u00a0avril \u2013 Espace Beausoleil), <strong>Styleto<\/strong> (vendredi 3 avril au MeM), <strong>Tendre Carcasse \u2013 Cie F, Arthur Perole<\/strong> (mercredi 8\u00a0avril \u2013 Le Triangle),<strong> Laura Cahen<\/strong> (vendredi 10\u00a0avril \u2013 centre culturel p\u00f4le sud).<\/p>\n<p>La billetterie ouverte<\/p>\n<p class=\" wall-content\">Vous pouvez d\u00e9j\u00e0 r\u00e9server vos billets pour l\u2019ann\u00e9e prochaine. Plusieurs pass sont \u00e9galement disponibles\u2009:<\/p>\n<p>Votre r\u00e9gion, votre actu !<\/p>\n<p>Recevez chaque jour les infos qui comptent pour vous.<\/p>\n<p>\t<a href=\"https:\/\/actu.fr\/newsletter\" class=\"ac-btn ac-btn--corner ac-btn--medium ac-btn--blue800\" rel=\"nofollow noopener\" target=\"_blank\">S&rsquo;incrire<\/a><\/p>\n<ul class=\" wall-content\">\n<li><strong>le pass Very important festivalier \u00e0 27\u00a0euros<\/strong> vous permettant de b\u00e9n\u00e9ficier de r\u00e9ductions sur tous les spectacles et concerts\u2009;<\/li>\n<li><strong>le pass quatre jours<\/strong> \u00e0 129\u00a0euros avec un acc\u00e8s a\u0300 tous les spectacles et concerts pendant les quatre jours de votre choix (conse\u0301cutifs ou non)\u2009;<\/li>\n<li><strong>le pass Mythomaniac<\/strong> \u00e0 179\u00a0euros avec un acc\u00e8s \u00e0 tous les spectacles et concerts.<\/li>\n<\/ul>\n<p class=\" wall-content\">Du 28\u00a0mars au 6\u00a0avril 2025, le festival a r\u00e9uni pas moins de <strong>80\u2009000 festivaliers et festivali\u00e8res.<\/strong><\/p>\n<p class=\" wall-content\">Personnalisez votre actualit\u00e9 en ajoutant vos villes et m\u00e9dias en favori avec <a href=\"https:\/\/moncompte.actu.fr\" title=\"D\u00e9couvez Mon Actu\" rel=\"nofollow noopener\" data-trk=\"{&quot;cta&quot;:{&quot;action&quot;:&quot;https:\\\/\\\/moncompte.actu.fr&quot;,&quot;category&quot;:&quot;mon compte&quot;,&quot;from&quot;:&quot;article footer&quot;,&quot;name&quot;:&quot;Mon actu&quot;,&quot;type&quot;:&quot;cta&quot;}}\" target=\"_blank\">Mon Actu<\/a>.<\/p>\n","protected":false},"excerpt":{"rendered":"Par Laur\u00e8ne Fertin Publi\u00e9 le 27 sept. 2025 \u00e0 6h32 Apr\u00e8s la 28\u1d49 \u00e9dition, la programmation de la&hellip;\n","protected":false},"author":2,"featured_media":422620,"comment_status":"","ping_status":"","sticky":false,"template":"","format":"standard","meta":{"footnotes":""},"categories":[2821],"tags":[1111,11,829,1697,1777,674,55198,1011,27,1652,873,12,584,25],"class_list":{"0":"post-422619","1":"post","2":"type-post","3":"status-publish","4":"format-standard","5":"has-post-thumbnail","7":"category-rennes","8":"tag-actu","9":"tag-actualites","10":"tag-bretagne","11":"tag-concert","12":"tag-eu","13":"tag-europe","14":"tag-festival-mythos","15":"tag-fr","16":"tag-france","17":"tag-loisirs-culture","18":"tag-musique","19":"tag-news","20":"tag-rennes","21":"tag-republique-francaise"},"share_on_mastodon":{"url":"https:\/\/pubeurope.com\/@fr\/115279213553064884","error":""},"_links":{"self":[{"href":"https:\/\/www.europesays.com\/fr\/wp-json\/wp\/v2\/posts\/422619","targetHints":{"allow":["GET"]}}],"collection":[{"href":"https:\/\/www.europesays.com\/fr\/wp-json\/wp\/v2\/posts"}],"about":[{"href":"https:\/\/www.europesays.com\/fr\/wp-json\/wp\/v2\/types\/post"}],"author":[{"embeddable":true,"href":"https:\/\/www.europesays.com\/fr\/wp-json\/wp\/v2\/users\/2"}],"replies":[{"embeddable":true,"href":"https:\/\/www.europesays.com\/fr\/wp-json\/wp\/v2\/comments?post=422619"}],"version-history":[{"count":0,"href":"https:\/\/www.europesays.com\/fr\/wp-json\/wp\/v2\/posts\/422619\/revisions"}],"wp:featuredmedia":[{"embeddable":true,"href":"https:\/\/www.europesays.com\/fr\/wp-json\/wp\/v2\/media\/422620"}],"wp:attachment":[{"href":"https:\/\/www.europesays.com\/fr\/wp-json\/wp\/v2\/media?parent=422619"}],"wp:term":[{"taxonomy":"category","embeddable":true,"href":"https:\/\/www.europesays.com\/fr\/wp-json\/wp\/v2\/categories?post=422619"},{"taxonomy":"post_tag","embeddable":true,"href":"https:\/\/www.europesays.com\/fr\/wp-json\/wp\/v2\/tags?post=422619"}],"curies":[{"name":"wp","href":"https:\/\/api.w.org\/{rel}","templated":true}]}}