{"id":422623,"date":"2025-09-28T01:00:52","date_gmt":"2025-09-28T01:00:52","guid":{"rendered":"https:\/\/www.europesays.com\/fr\/422623\/"},"modified":"2025-09-28T01:00:52","modified_gmt":"2025-09-28T01:00:52","slug":"un-festin-dimitations-en-toute-liberte","status":"publish","type":"post","link":"https:\/\/www.europesays.com\/fr\/422623\/","title":{"rendered":"un festin d\u2019imitations en toute libert\u00e9"},"content":{"rendered":"<p>Depuis toujours, la table est son refuge et son cocon. \u00ab\u00a0Depuis que je suis enfant, j\u2019aime aller au restaurant. Quand j\u2019avais cinq ans, mon grand-p\u00e8re \u00e9tait pr\u00e9sident de la fanfare, et ma m\u00e8re \u00e9tait serveuse \u00e0 mi-temps chez Georges Blanc (chef \u00e9toil\u00e9 \u00e0 Vonnas, NDLR), qui est toujours un ami\u00a0\u00bb, confie Laurent Gerra quelques jours avant son spectacle \u00e0 Strasbourg.<\/p>\n<p>  Un banquet o\u00f9 se m\u00ealent souvenirs d\u2019enfance, traits d\u2019esprit, chansons et imitations<\/p>\n<p>Tout comme la musique, la cuisine est rest\u00e9e une partie importante de sa vie. Depuis ses d\u00e9buts, l\u2019humoriste revendique une app\u00e9tence \u00e9picurienne, un art de vivre fait d\u2019instants, de bons produits et de conversations \u00e9loquentes. \u00ab\u00a0Je viens justement d\u2019\u00e9changer avec Marc Veyrat (chef haut-savoyard, NDLR), nous parlions de l\u2019importance de pr\u00e9server notre patrimoine gastronomique, le go\u00fbt du vrai. Et puis le partage. Sans passion, point d\u2019\u00e9l\u00e9vation, comme le dit si justement Georges Blanc.\u00a0\u00bb<\/p>\n<p>C\u2019est sous ce titre gourmand, \u00ab\u00a0Laurent Gerra se met \u00e0 table\u00a0\u00bb que l\u2019humoriste pr\u00e9sente son nouveau spectacle \u00e0 Strasbourg. Sur sc\u00e8ne, il recr\u00e9e un banquet o\u00f9 se m\u00ealent souvenirs d\u2019enfance, traits d\u2019esprit, chansons et imitations. Car la sc\u00e8ne, rappelle-t-il, reste pour lui \u00ab\u00a0le dernier espace de libert\u00e9 o\u00f9 la bien-pensance n\u2019a pas sa place.\u00a0\u00bb Un espace habill\u00e9 de musique, parfaitement ma\u00eetris\u00e9 par l\u2019imitateur qui signe ses propres spectacles\u00a0: \u00ab\u00a0Le c\u00f4t\u00e9 artisanal de mon m\u00e9tier rel\u00e8ve presque de l\u2019orf\u00e8vrerie. Chaque d\u00e9tail compte et on y travaille comme des artisans. Je m\u2019entoure d\u2019une \u00e9quipe fid\u00e8le. Par exemple, mon ing\u00e9nieur du son et moi, nous nous connaissons depuis le CM2\u00a0; cela fait trente-cinq ans que nous sillonnons les routes ensemble. Cette complicit\u00e9 me donne une libert\u00e9 d\u00e9licieuse.\u00a0\u00bb<\/p>\n<p>\u00c0 l\u2019affiche de ce spectacle gourmand, quelques nouveaux venus (Fran\u00e7ois Bayrou ou Pascal Praud) mais l\u2019humoriste regrette que les figures politiques d\u2019aujourd\u2019hui aient \u00ab\u00a0moins d\u2019asp\u00e9rit\u00e9s\u00a0\u00bb. \u00c0 l\u2019inverse, Fran\u00e7ois Hollande demeure une source d\u2019inspiration in\u00e9puisable et Gerra lui consacre un num\u00e9ro muet de sept minutes, en hommage aux films burlesques qu\u2019il ch\u00e9rit.<\/p>\n<p>De l\u2019ironie, de la caricature et des chansons autour d\u2019une table toujours ouverte, o\u00f9 l\u2019on d\u00e9guste l\u2019humour comme un grand cru, avec s\u00e9rieux, mais sans se prendre au s\u00e9rieux.<\/p>\n<p class=\"note\">\u201cLaurent Gerra se met \u00e0 table\u201d le 26\u00a0septembre \u00e0 20\u00a0h au Palais de la musique et des congr\u00e8s \u00e0\u00a0 Strasbourg. Tarifs de 49\u00a0\u20ac \u00e0 69\u00a0\u20ac.<\/p>\n","protected":false},"excerpt":{"rendered":"Depuis toujours, la table est son refuge et son cocon. \u00ab\u00a0Depuis que je suis enfant, j\u2019aime aller au&hellip;\n","protected":false},"author":2,"featured_media":422624,"comment_status":"","ping_status":"","sticky":false,"template":"","format":"standard","meta":{"footnotes":""},"categories":[2820],"tags":[1111,11,2389,1687,1777,674,107,1011,27,775,12,25,3140,640],"class_list":{"0":"post-422623","1":"post","2":"type-post","3":"status-publish","4":"format-standard","5":"has-post-thumbnail","7":"category-strasbourg","8":"tag-actu","9":"tag-actualites","10":"tag-alsace","11":"tag-culture-loisirs","12":"tag-eu","13":"tag-europe","14":"tag-fil-info","15":"tag-fr","16":"tag-france","17":"tag-grand-est","18":"tag-news","19":"tag-republique-francaise","20":"tag-spectacle","21":"tag-strasbourg"},"share_on_mastodon":{"url":"https:\/\/pubeurope.com\/@fr\/115279225335728042","error":""},"_links":{"self":[{"href":"https:\/\/www.europesays.com\/fr\/wp-json\/wp\/v2\/posts\/422623","targetHints":{"allow":["GET"]}}],"collection":[{"href":"https:\/\/www.europesays.com\/fr\/wp-json\/wp\/v2\/posts"}],"about":[{"href":"https:\/\/www.europesays.com\/fr\/wp-json\/wp\/v2\/types\/post"}],"author":[{"embeddable":true,"href":"https:\/\/www.europesays.com\/fr\/wp-json\/wp\/v2\/users\/2"}],"replies":[{"embeddable":true,"href":"https:\/\/www.europesays.com\/fr\/wp-json\/wp\/v2\/comments?post=422623"}],"version-history":[{"count":0,"href":"https:\/\/www.europesays.com\/fr\/wp-json\/wp\/v2\/posts\/422623\/revisions"}],"wp:featuredmedia":[{"embeddable":true,"href":"https:\/\/www.europesays.com\/fr\/wp-json\/wp\/v2\/media\/422624"}],"wp:attachment":[{"href":"https:\/\/www.europesays.com\/fr\/wp-json\/wp\/v2\/media?parent=422623"}],"wp:term":[{"taxonomy":"category","embeddable":true,"href":"https:\/\/www.europesays.com\/fr\/wp-json\/wp\/v2\/categories?post=422623"},{"taxonomy":"post_tag","embeddable":true,"href":"https:\/\/www.europesays.com\/fr\/wp-json\/wp\/v2\/tags?post=422623"}],"curies":[{"name":"wp","href":"https:\/\/api.w.org\/{rel}","templated":true}]}}