{"id":422631,"date":"2025-09-28T01:04:13","date_gmt":"2025-09-28T01:04:13","guid":{"rendered":"https:\/\/www.europesays.com\/fr\/422631\/"},"modified":"2025-09-28T01:04:13","modified_gmt":"2025-09-28T01:04:13","slug":"quartiers-populaires-et-ecologie-en-debat-dominical","status":"publish","type":"post","link":"https:\/\/www.europesays.com\/fr\/422631\/","title":{"rendered":"Quartiers populaires et \u00e9cologie\u00a0en d\u00e9bat dominical"},"content":{"rendered":"<p>Rendez-vous est donn\u00e9 dimanche 28\u00a0septembre, aux ateliers Magellan, \u00e0 Nantes, par Mathias Mary, un habitant de la Halv\u00eaque, acteur associatif qui, depuis un an, pr\u00e9pare, avec des associations locales concern\u00e9es, un moment d\u2019\u00e9changes autour de la th\u00e9matique\u00a0: \u00a0Changer nos vies et nos quartiers\u00a0. Il esp\u00e8re ainsi interpeller les \u00e9lus autour de propositions pens\u00e9es, concr\u00e8tes, soutenues par Les \u00c9cologistes et le mouvement Ambitions communes, incarn\u00e9 par Marie Vitoux, adjointe du quartier Nantes Sud.<\/p>\n<p>Deux invit\u00e9s poru animer le d\u00e9bat : Herv\u00e9 Guery et Radia Essassi<\/p>\n<p>Refusant d\u2019\u00eatre \u00a0les derniers servis\u00a0, Mathias Mary s\u2019inqui\u00e8te de la mauvaise r\u00e9partition des moyens allou\u00e9s au d\u00e9veloppement durable dans ce qu\u2019il appelle les \u00a0quartiers pop\u2019\u00a0, comprendre les quartiers populaires. \u00a0Les femmes, les m\u00e8res, les jeunes et les associations portent nos quartiers \u00e0 bout de bras. Nous voulons investir le conseil municipal et m\u00e9tropolitain pour porter nos mesures consistant \u00e0 obtenir l\u2019\u00e9galit\u00e9 de financement des projets\u00a0, d\u00e9taille celui qui mod\u00e9rera un d\u00e9bat nourri par deux intervenants. Herv\u00e9 Guery, \u00e9conomiste, habitant de Bellevue, \u00e0 Nantes, se demandera ce que peuvent faire les \u00e9lus locaux pour r\u00e9duire les in\u00e9galit\u00e9s territoriales\u00a0; Radia Essassi, juriste, militante associative et habitante de Nantes Nord, exposera des solutions au changement \u00e0 l\u2019\u00e9chelle locale en questionnant la responsabilit\u00e9 des politiques.<\/p>\n<p>Enfin, un d\u00e9bat ouvert avec le public est pr\u00e9vu sur le th\u00e8me\u00a0: \u00a0R\u00e9\u00e9quilibrer les moyens de la Ville en faveur des quartiers populaires\u00a0. L\u2019\u00e9v\u00e9nement se tient dans le cadre de la F\u00eate de l\u2019\u00e9cologie et en pr\u00e9vision des \u00e9lections municipales de 2026.<\/p>\n<p><strong>Dimanche 28\u00a0septembre,<\/strong> \u00e0 16\u00a0h, d\u00e9bat public Nos quartiers populaires, nos droits, notre avenir\u00a0!, aux ateliers Magellan, au 12, quai Magellan, \u00e0 Nantes. <strong>Contact\u00a0:<\/strong> collectif.quartiers.pop.nantes@gmail.com<\/p>\n<p>\u00a0<\/p>\n","protected":false},"excerpt":{"rendered":"Rendez-vous est donn\u00e9 dimanche 28\u00a0septembre, aux ateliers Magellan, \u00e0 Nantes, par Mathias Mary, un habitant de la Halv\u00eaque,&hellip;\n","protected":false},"author":2,"featured_media":422632,"comment_status":"","ping_status":"","sticky":false,"template":"","format":"standard","meta":{"footnotes":""},"categories":[2818],"tags":[1111,11,1292,55199,51,1777,674,1011,27,766,12,2636,45264,5116,25],"class_list":{"0":"post-422631","1":"post","2":"type-post","3":"status-publish","4":"format-standard","5":"has-post-thumbnail","7":"category-nantes","8":"tag-actu","9":"tag-actualites","10":"tag-debat","11":"tag-dominical","12":"tag-ecologie","13":"tag-eu","14":"tag-europe","15":"tag-fr","16":"tag-france","17":"tag-nantes","18":"tag-news","19":"tag-pays-de-la-loire","20":"tag-populaires","21":"tag-quartiers","22":"tag-republique-francaise"},"share_on_mastodon":{"url":"https:\/\/pubeurope.com\/@fr\/115279237243148586","error":""},"_links":{"self":[{"href":"https:\/\/www.europesays.com\/fr\/wp-json\/wp\/v2\/posts\/422631","targetHints":{"allow":["GET"]}}],"collection":[{"href":"https:\/\/www.europesays.com\/fr\/wp-json\/wp\/v2\/posts"}],"about":[{"href":"https:\/\/www.europesays.com\/fr\/wp-json\/wp\/v2\/types\/post"}],"author":[{"embeddable":true,"href":"https:\/\/www.europesays.com\/fr\/wp-json\/wp\/v2\/users\/2"}],"replies":[{"embeddable":true,"href":"https:\/\/www.europesays.com\/fr\/wp-json\/wp\/v2\/comments?post=422631"}],"version-history":[{"count":0,"href":"https:\/\/www.europesays.com\/fr\/wp-json\/wp\/v2\/posts\/422631\/revisions"}],"wp:featuredmedia":[{"embeddable":true,"href":"https:\/\/www.europesays.com\/fr\/wp-json\/wp\/v2\/media\/422632"}],"wp:attachment":[{"href":"https:\/\/www.europesays.com\/fr\/wp-json\/wp\/v2\/media?parent=422631"}],"wp:term":[{"taxonomy":"category","embeddable":true,"href":"https:\/\/www.europesays.com\/fr\/wp-json\/wp\/v2\/categories?post=422631"},{"taxonomy":"post_tag","embeddable":true,"href":"https:\/\/www.europesays.com\/fr\/wp-json\/wp\/v2\/tags?post=422631"}],"curies":[{"name":"wp","href":"https:\/\/api.w.org\/{rel}","templated":true}]}}