{"id":422634,"date":"2025-09-28T01:07:29","date_gmt":"2025-09-28T01:07:29","guid":{"rendered":"https:\/\/www.europesays.com\/fr\/422634\/"},"modified":"2025-09-28T01:07:29","modified_gmt":"2025-09-28T01:07:29","slug":"des-ex-conjoints-juges-a-bordeaux","status":"publish","type":"post","link":"https:\/\/www.europesays.com\/fr\/422634\/","title":{"rendered":"des ex-conjoints jug\u00e9s \u00e0 Bordeaux"},"content":{"rendered":"<p>            Par<br \/>\n        <strong><br \/>\n            <a href=\"https:\/\/actu.fr\/auteur\/redaction-bordeaux\" title=\"Consulter tous les articles de R\u00e9daction Bordeaux\" rel=\"nofollow noopener\" target=\"_blank\">R\u00e9daction Bordeaux<\/a><br \/>\n        <\/strong><\/p>\n<p>        Publi\u00e9 le<\/p>\n<p>            26 sept. 2025 \u00e0 15h27        <\/p>\n<p>T\u00eate ras\u00e9e, convulsions, fausses attestations m\u00e9dicales\u2009: douze mois de prison avec sursis ont \u00e9t\u00e9 requis contre une institutrice et son ex-mari, jug\u00e9s jeudi <a href=\"https:\/\/actu.fr\/bordeaux\/\" rel=\"nofollow noopener\" target=\"_blank\">\u00e0 Bordeaux<\/a> pour escroquerie, apr\u00e8s avoir durant cinq ans, <strong>simul\u00e9 une leuc\u00e9mie<\/strong> et ouvert plusieurs cagnottes en ligne pour financer le traitement.\u00a0La justice reproche au couple, aujourd\u2019hui divorc\u00e9, d\u2019avoir collect\u00e9 entre\u00a02019 et\u00a02024 <strong>plus de 82\u2009700\u00a0euros<\/strong> gr\u00e2ce \u00e0 trois cagnottes Leetchi, dont l\u2019objet \u00e9tait de collecter des dons pour financer l\u2019achat de cellules souches permettant de traiter la fausse pathologie de l\u2019ex-\u00e9pouse.<\/p>\n<p class=\" wall-content\">Selon l\u2019accusation, <strong>plus d\u2019un millier de personnes, <\/strong>dont des \u00ab\u2009personnalit\u00e9s\u2009\u00bb, avaient abond\u00e9 ces cagnottes, qui ont ensuite \u00e9t\u00e9 partiellement utilis\u00e9es pour l\u2019achat d\u2019un smartphone, d\u2019un cabanon de jardin, de <a href=\"https:\/\/actu.fr\/tag\/voyage\" rel=\"nofollow noopener\" target=\"_blank\">voyages<\/a> ou encore d\u2019un van.<\/p>\n<p class=\" wall-content\">Cette institutrice \u00e2g\u00e9e de 36\u00a0ans, m\u00e8re de deux enfants, est \u00e9galement <strong>poursuivie pour faux et usage de faux<\/strong> en \u00e9criture en falsifiant deux attestations de m\u00e9decins.<\/p>\n<p>Tout commence en 2015<\/p>\n<p class=\" wall-content\">La pr\u00e9venue avait commenc\u00e9 \u00e0 <strong>simuler la maladie en 2015<\/strong> lors du d\u00e9part de son conjoint en Espagne pour faire des \u00e9tudes de kin\u00e9, par \u00ab\u2009peur qu\u2019il ne revienne pas vers elle\u2009\u00bb, ne se \u00ab\u2009sentant pas assez int\u00e9ressante\u2009\u00bb.<\/p>\n<p class=\" wall-content\">Apr\u00e8s une fausse r\u00e9mission, elle poursuivra la supercherie en <strong>simulant des rechutes<\/strong> \u00e0 la naissance de ses enfants, \u00ab\u2009se sentant fatigu\u00e9e\u2009\u00bb et \u00ab\u2009en difficult\u00e9\u2009\u00bb, maquillant de faux s\u00e9jours \u00e0 <a href=\"https:\/\/actu.fr\/tag\/hopital\" rel=\"nofollow noopener\" target=\"_blank\">l\u2019h\u00f4pital<\/a> \u00e0 l\u2019aide de photos sur fond blanc.<\/p>\n<p class=\" wall-content\">Elle fera croire ensuite que son fils souffre du <strong>lymphome de Hodgkin,<\/strong> estimant que l\u2019assistante maternelle ne lui portait pas assez d\u2019attention.<\/p>\n<p class=\" wall-content\">La pr\u00e9venue atteinte \u00ab\u2009d\u2019une vuln\u00e9rabilit\u00e9 pr\u00e9cocement constitutive\u2009\u00bb -elle avait invent\u00e9 un faux viol \u00e0 l\u2019adolescence-, a expliqu\u00e9 d\u2019une voix tant\u00f4t douce, tant\u00f4t vibrante, \u00ab\u2009s\u2019\u00eatre <strong>emp\u00eatr\u00e9e dans ses mensonges\u2009\u00bb,<\/strong> \u00ab\u2009ne sachant pas comment s\u2019en sortir\u2009\u00bb avant que \u00ab\u2009(sa) garde \u00e0 vue ne la lib\u00e8re de \u00e7a\u2009\u00bb.<\/p>\n<p>Votre r\u00e9gion, votre actu !<\/p>\n<p>Recevez chaque jour les infos qui comptent pour vous.<\/p>\n<p>\t<a href=\"https:\/\/actu.fr\/newsletter\" class=\"ac-btn ac-btn--corner ac-btn--medium ac-btn--blue800\" rel=\"nofollow noopener\" target=\"_blank\">S&rsquo;incrire<\/a><\/p>\n<p class=\" wall-content\">Recroquevill\u00e9e t\u00eate dans les \u00e9paules, elle a indiqu\u00e9 <strong>\u00ab\u2009s\u2019en vouloir \u00e9norm\u00e9ment<\/strong> pour ceux qui se battent contre la maladie\u2009\u00bb et pour \u00ab\u2009avoir d\u00e9truit (sa) famille\u2009\u00bb et \u00ab\u2009la confiance des proches\u2009\u00bb.<\/p>\n<p class=\" wall-content\">L\u2019ex-\u00e9poux de 37\u00a0ans, auquel le tribunal a reproch\u00e9 de n\u2019avoir jamais assist\u00e9 \u00e0 une visite m\u00e9dicale, ni consult\u00e9 de documents m\u00e9dicaux, a assur\u00e9 avoir constitu\u00e9 les cagnottes \u00ab\u2009en toute bienveillance\u2009\u00bb et <strong>\u00ab\u2009en confiance\u2009\u00bb.<\/strong>\u00a0D\u00e9crit comme taiseux, il a dit \u00ab\u2009sa honte\u2009\u00bb devant \u00ab\u2009sa totale m\u00e9connaissance du sujet\u2009\u00bb. \u00ab\u2009Vous pouvez lui reprocher sa couardise, sa b\u00eatise, sa l\u00e2chet\u00e9 mais ce n\u2019est pas un d\u00e9lit p\u00e9nal\u2009\u00bb, a tonn\u00e9 son avocate, Me G\u00e9raldine Duran.<\/p>\n<p class=\" wall-content\">La d\u00e9cision a \u00e9t\u00e9 mise en d\u00e9lib\u00e9r\u00e9 <strong>au 30\u00a0octobre.<\/strong><\/p>\n<p class=\" wall-content\"><strong>Avec AFP<\/strong><\/p>\n<p class=\" wall-content\">Personnalisez votre actualit\u00e9 en ajoutant vos villes et m\u00e9dias en favori avec <a href=\"https:\/\/moncompte.actu.fr\" title=\"D\u00e9couvez Mon Actu\" rel=\"nofollow noopener\" data-trk=\"{&quot;cta&quot;:{&quot;action&quot;:&quot;https:\\\/\\\/moncompte.actu.fr&quot;,&quot;category&quot;:&quot;mon compte&quot;,&quot;from&quot;:&quot;article footer&quot;,&quot;name&quot;:&quot;Mon actu&quot;,&quot;type&quot;:&quot;cta&quot;}}\" target=\"_blank\">Mon Actu<\/a>.<\/p>\n","protected":false},"excerpt":{"rendered":"Par R\u00e9daction Bordeaux Publi\u00e9 le 26 sept. 2025 \u00e0 15h27 T\u00eate ras\u00e9e, convulsions, fausses attestations m\u00e9dicales\u2009: douze mois&hellip;\n","protected":false},"author":2,"featured_media":422635,"comment_status":"","ping_status":"","sticky":false,"template":"","format":"standard","meta":{"footnotes":""},"categories":[2817],"tags":[1111,11,1997,1777,674,1011,27,303,12,2219,25,71,104],"class_list":{"0":"post-422634","1":"post","2":"type-post","3":"status-publish","4":"format-standard","5":"has-post-thumbnail","7":"category-bordeaux","8":"tag-actu","9":"tag-actualites","10":"tag-bordeaux","11":"tag-eu","12":"tag-europe","13":"tag-fr","14":"tag-france","15":"tag-justice","16":"tag-news","17":"tag-nouvelle-aquitaine","18":"tag-republique-francaise","19":"tag-sante","20":"tag-societe"},"share_on_mastodon":{"url":"https:\/\/pubeurope.com\/@fr\/115279249002799463","error":""},"_links":{"self":[{"href":"https:\/\/www.europesays.com\/fr\/wp-json\/wp\/v2\/posts\/422634","targetHints":{"allow":["GET"]}}],"collection":[{"href":"https:\/\/www.europesays.com\/fr\/wp-json\/wp\/v2\/posts"}],"about":[{"href":"https:\/\/www.europesays.com\/fr\/wp-json\/wp\/v2\/types\/post"}],"author":[{"embeddable":true,"href":"https:\/\/www.europesays.com\/fr\/wp-json\/wp\/v2\/users\/2"}],"replies":[{"embeddable":true,"href":"https:\/\/www.europesays.com\/fr\/wp-json\/wp\/v2\/comments?post=422634"}],"version-history":[{"count":0,"href":"https:\/\/www.europesays.com\/fr\/wp-json\/wp\/v2\/posts\/422634\/revisions"}],"wp:featuredmedia":[{"embeddable":true,"href":"https:\/\/www.europesays.com\/fr\/wp-json\/wp\/v2\/media\/422635"}],"wp:attachment":[{"href":"https:\/\/www.europesays.com\/fr\/wp-json\/wp\/v2\/media?parent=422634"}],"wp:term":[{"taxonomy":"category","embeddable":true,"href":"https:\/\/www.europesays.com\/fr\/wp-json\/wp\/v2\/categories?post=422634"},{"taxonomy":"post_tag","embeddable":true,"href":"https:\/\/www.europesays.com\/fr\/wp-json\/wp\/v2\/tags?post=422634"}],"curies":[{"name":"wp","href":"https:\/\/api.w.org\/{rel}","templated":true}]}}