{"id":422636,"date":"2025-09-28T01:08:15","date_gmt":"2025-09-28T01:08:15","guid":{"rendered":"https:\/\/www.europesays.com\/fr\/422636\/"},"modified":"2025-09-28T01:08:15","modified_gmt":"2025-09-28T01:08:15","slug":"bordeaux-tue-par-son-public-le-handicap-fatal","status":"publish","type":"post","link":"https:\/\/www.europesays.com\/fr\/422636\/","title":{"rendered":"Bordeaux tu\u00e9 par son public, le handicap fatal"},"content":{"rendered":"<p><b>Accroch\u00e9 par Angoul\u00eame la semaine derni\u00e8re, Bordeaux ne r\u00e9alise pas le d\u00e9but de saison esp\u00e9r\u00e9 en National 2. Le club au scapulaire affiche notamment de r\u00e9elles difficult\u00e9s \u00e0 domicile au Matmut Atlantique.<\/b><\/p>\n<p>G\u00e9rard Lopez l\u2019a clairement annonc\u00e9, l\u2019objectif des <a href=\"https:\/\/www.foot01.com\/bordeaux\/bordeaux-bruno-irles-vire-pour-quoi-faire-\" target=\"_self\" rel=\"nofollow noopener\">Girondins de Bordeaux<\/a> cette saison est de monter en National. Pour cela, l\u2019\u00e9quipe de Bruno Irles va rapidement devoir passer la seconde. Les r\u00e9sultats ne sont pour l\u2019instant pas \u00e0 la hauteur avec seulement deux victoires, pour deux d\u00e9faites et deux nuls. Septi\u00e8me de son groupe de National 2, Bordeaux doit notamment r\u00e9ussir \u00e0 davantage optimiser ses r\u00e9sultats \u00e0 domicile. Les Aquitains b\u00e9n\u00e9ficient d\u2019un large soutien au Matmut Atlantique avec au moins 10.000 spectateurs par match.<\/p>\n<p>Mais cet avantage est \u00e0 double tranchant selon Steve Savidan. Sur TV7, l\u2019ancien attaquant de Valenciennes a expliqu\u00e9 que selon lui, un tel public \u00e0 l\u2019\u00e9chelle d\u2019un club de N2 boostait les adversaires et compliquait s\u00e9rieusement la t\u00e2che des Girondins. \u00ab\u00a0Il y a un truc qu\u2019il ne faut pas oublier, c\u2019est que pour les \u00e9quipes qui viennent \u00e0 Bordeaux, c\u2019est une forme de match prestige. Il y a 10000 spectateurs, on est dans une enceinte magnifique, \u00e7a pue le football\u2026 Forc\u00e9ment, on a envie de faire le match de sa vie\u00a0\u00bb estime Steve Savidan dans des propos rapport\u00e9s par Girondins4Ever avant de conclure.<\/p>\n<p>\u00ab\u00a0A ce niveau, en National 2, ce sont des joueurs qui ont d\u00e9j\u00e0 connu une tr\u00e8s bonne formation, en g\u00e9n\u00e9ral dans des clubs professionnels ou dans des clubs f\u00e9d\u00e9raux qui ont un tr\u00e8s bon niveau de formation. Ce sont des joueurs qui ont peut-\u00eatre m\u00eame touch\u00e9 les \u00e9quipes professionnelles\u00a0\u00bb juge Savidan, pour qui Bordeaux va donc devoir rapidement hausser son niveau de jeu pour esp\u00e9rer de meilleurs r\u00e9sultats et une potentielle mont\u00e9e. Car le Matmut Atlantique et le logo des Girondins ne feront pas le travail \u00e0 la place des joueurs de Bruno Irles dans un championnat tout sauf facile.<\/p>\n","protected":false},"excerpt":{"rendered":"Accroch\u00e9 par Angoul\u00eame la semaine derni\u00e8re, Bordeaux ne r\u00e9alise pas le d\u00e9but de saison esp\u00e9r\u00e9 en National 2.&hellip;\n","protected":false},"author":2,"featured_media":422637,"comment_status":"","ping_status":"","sticky":false,"template":"","format":"standard","meta":{"footnotes":""},"categories":[2817],"tags":[1111,11,1997,1777,674,1011,27,12,2219,25],"class_list":{"0":"post-422636","1":"post","2":"type-post","3":"status-publish","4":"format-standard","5":"has-post-thumbnail","7":"category-bordeaux","8":"tag-actu","9":"tag-actualites","10":"tag-bordeaux","11":"tag-eu","12":"tag-europe","13":"tag-fr","14":"tag-france","15":"tag-news","16":"tag-nouvelle-aquitaine","17":"tag-republique-francaise"},"share_on_mastodon":{"url":"https:\/\/pubeurope.com\/@fr\/115279254600739411","error":""},"_links":{"self":[{"href":"https:\/\/www.europesays.com\/fr\/wp-json\/wp\/v2\/posts\/422636","targetHints":{"allow":["GET"]}}],"collection":[{"href":"https:\/\/www.europesays.com\/fr\/wp-json\/wp\/v2\/posts"}],"about":[{"href":"https:\/\/www.europesays.com\/fr\/wp-json\/wp\/v2\/types\/post"}],"author":[{"embeddable":true,"href":"https:\/\/www.europesays.com\/fr\/wp-json\/wp\/v2\/users\/2"}],"replies":[{"embeddable":true,"href":"https:\/\/www.europesays.com\/fr\/wp-json\/wp\/v2\/comments?post=422636"}],"version-history":[{"count":0,"href":"https:\/\/www.europesays.com\/fr\/wp-json\/wp\/v2\/posts\/422636\/revisions"}],"wp:featuredmedia":[{"embeddable":true,"href":"https:\/\/www.europesays.com\/fr\/wp-json\/wp\/v2\/media\/422637"}],"wp:attachment":[{"href":"https:\/\/www.europesays.com\/fr\/wp-json\/wp\/v2\/media?parent=422636"}],"wp:term":[{"taxonomy":"category","embeddable":true,"href":"https:\/\/www.europesays.com\/fr\/wp-json\/wp\/v2\/categories?post=422636"},{"taxonomy":"post_tag","embeddable":true,"href":"https:\/\/www.europesays.com\/fr\/wp-json\/wp\/v2\/tags?post=422636"}],"curies":[{"name":"wp","href":"https:\/\/api.w.org\/{rel}","templated":true}]}}