{"id":422642,"date":"2025-09-28T01:12:25","date_gmt":"2025-09-28T01:12:25","guid":{"rendered":"https:\/\/www.europesays.com\/fr\/422642\/"},"modified":"2025-09-28T01:12:25","modified_gmt":"2025-09-28T01:12:25","slug":"ol-retour-de-corentin-tolisso-teo-barisic-laisse-sa-place","status":"publish","type":"post","link":"https:\/\/www.europesays.com\/fr\/422642\/","title":{"rendered":"OL : retour de Corentin Tolisso, T\u00e9o Bari\u0161i\u0107\u00a0laisse sa place"},"content":{"rendered":"<p>                            <img width=\"770\" height=\"433\" src=\"https:\/\/www.europesays.com\/fr\/wp-content\/uploads\/2025\/09\/IMG_3493-770x433.jpg\" class=\"attachment-article size-article wp-post-image\" alt=\"T\u00e9o Barisic lors d'OL - RWDM Brussels\" decoding=\"async\" fetchpriority=\"high\"  \/><\/p>\n<p>T\u00e9o Barisic lors d\u2019OL \u2013 RWDM Brussels (cr\u00e9dit : David Hernandez \/ OetL)<\/p>\n<p>Groupe sans surprise pour l&rsquo;OL \u00e0 Lille dimanche (17h15). Corentin Tolisso remplace num\u00e9riquement Teo Bari\u0161i\u0107.<\/p>\n<p>Paulo <strong>Fonseca <\/strong>et son staff n&rsquo;ont pas eu trop \u00e0 se creuser les m\u00e9ninges\u00a0pour composer le groupe lyonnais qui voyage \u00e0 Lille. Pour le match de dimanche, \u00e0 17h15, l&rsquo;OL peut s&rsquo;appuyer sur le retour de Corentin <strong>Tolisso<\/strong>, qui \u00e9tait suspendu en coupe d&rsquo;Europe, \u00e0 Utrecht (0-1) cette semaine. <\/p>\n<p>Pour le reste, aucune surprise, puisque les vingt-et-joueurs convoqu\u00e9s \u00e9taient plus ou moins connus. C&rsquo;est Teo <strong>Bari\u0161i\u0107 <\/strong>qui doit c\u00e9der sa place dans l&rsquo;effectif au <a href=\"https:\/\/www.olympique-et-lyonnais.com\/ol-paolo-fonseca-evoque-les-cas-de-corentin-tolisso-et-martin-satriano,381309.html\" target=\"_blank\" rel=\"noopener\">capitaine rhodanien<\/a>. Mais les Rhodaniens ne sont pas au complet pour autant. Les absents notables sont les quatre bless\u00e9s : <a href=\"https:\/\/www.olympique-et-lyonnais.com\/ol-descamps-continue-a-sentrainer-meme-blesse,381073.html\" target=\"_blank\" rel=\"noopener\">R\u00e9my <strong>Descamps<\/strong><\/a>, <strong>Abner<\/strong>, Orel <strong>Mangala <\/strong>et Ernest <strong>Nuamah<\/strong>.<\/p>\n<p>Des absents \u00e0 Lille<\/p>\n<p>Du c\u00f4t\u00e9 du LOSC, le contingent de footballeurs \u00e0 l&rsquo;infirmerie est plus important. Bruno <strong>Genesio <\/strong>a fait <a href=\"https:\/\/www.olympique-et-lyonnais.com\/lille-sans-son-gardien-ni-son-capitaine-face-a-lol,381289.html\" target=\"_blank\" rel=\"noopener\">un point \u00e0 la mi-journ\u00e9e <\/a>ce samedi. On y retrouve le gardien, Berke <strong>\u00d6zer<\/strong>, les d\u00e9fenseurs <strong>Alexsandro<\/strong>, Thomas <strong>Meunier<\/strong>, Romain <strong>Perraud <\/strong>ou encore le leader Benjamin\u00a0<strong>Andr\u00e9<\/strong> dans l&rsquo;entrejeu. <\/p>\n<p><strong>Le groupe de l&rsquo;OL :<\/strong> Diarra, Greif, Konan &#8211; Kluivert, Maitland-Niles, Mata, Niakhat\u00e9, Tagliafico &#8211; Tolisso, De Carvalho, Merah, Morton, Sulc, Tessmann &#8211; Fofana, Ghezzal, Karabec, Molebe, Moreira, Satriano, Gomes Rodriguez<\/p>\n","protected":false},"excerpt":{"rendered":"T\u00e9o Barisic lors d\u2019OL \u2013 RWDM Brussels (cr\u00e9dit : David Hernandez \/ OetL) Groupe sans surprise pour l&rsquo;OL&hellip;\n","protected":false},"author":2,"featured_media":422643,"comment_status":"","ping_status":"","sticky":false,"template":"","format":"standard","meta":{"footnotes":""},"categories":[2815],"tags":[1111,11,1777,674,1011,27,811,66,1307,12,241,25],"class_list":{"0":"post-422642","1":"post","2":"type-post","3":"status-publish","4":"format-standard","5":"has-post-thumbnail","7":"category-lille","8":"tag-actu","9":"tag-actualites","10":"tag-eu","11":"tag-europe","12":"tag-fr","13":"tag-france","14":"tag-hauts-de-france","15":"tag-ligue-1","16":"tag-lille","17":"tag-news","18":"tag-ol","19":"tag-republique-francaise"},"share_on_mastodon":{"url":"https:\/\/pubeurope.com\/@fr\/115279268683284761","error":""},"_links":{"self":[{"href":"https:\/\/www.europesays.com\/fr\/wp-json\/wp\/v2\/posts\/422642","targetHints":{"allow":["GET"]}}],"collection":[{"href":"https:\/\/www.europesays.com\/fr\/wp-json\/wp\/v2\/posts"}],"about":[{"href":"https:\/\/www.europesays.com\/fr\/wp-json\/wp\/v2\/types\/post"}],"author":[{"embeddable":true,"href":"https:\/\/www.europesays.com\/fr\/wp-json\/wp\/v2\/users\/2"}],"replies":[{"embeddable":true,"href":"https:\/\/www.europesays.com\/fr\/wp-json\/wp\/v2\/comments?post=422642"}],"version-history":[{"count":0,"href":"https:\/\/www.europesays.com\/fr\/wp-json\/wp\/v2\/posts\/422642\/revisions"}],"wp:featuredmedia":[{"embeddable":true,"href":"https:\/\/www.europesays.com\/fr\/wp-json\/wp\/v2\/media\/422643"}],"wp:attachment":[{"href":"https:\/\/www.europesays.com\/fr\/wp-json\/wp\/v2\/media?parent=422642"}],"wp:term":[{"taxonomy":"category","embeddable":true,"href":"https:\/\/www.europesays.com\/fr\/wp-json\/wp\/v2\/categories?post=422642"},{"taxonomy":"post_tag","embeddable":true,"href":"https:\/\/www.europesays.com\/fr\/wp-json\/wp\/v2\/tags?post=422642"}],"curies":[{"name":"wp","href":"https:\/\/api.w.org\/{rel}","templated":true}]}}