{"id":422648,"date":"2025-09-28T01:15:20","date_gmt":"2025-09-28T01:15:20","guid":{"rendered":"https:\/\/www.europesays.com\/fr\/422648\/"},"modified":"2025-09-28T01:15:20","modified_gmt":"2025-09-28T01:15:20","slug":"le-festival-agir-a-lyon-dedie-a-lecologie-revient-ce-dimanche-2","status":"publish","type":"post","link":"https:\/\/www.europesays.com\/fr\/422648\/","title":{"rendered":"Le festival Agir \u00e0 Lyon, d\u00e9di\u00e9 \u00e0 l&rsquo;\u00e9cologie, revient ce dimanche"},"content":{"rendered":"<p>                            <img loading=\"lazy\" width=\"1013\" height=\"675\" class=\"attachment-article size-article wp-post-image lazyload\" alt=\"\" decoding=\"async\" src=\"https:\/\/www.europesays.com\/fr\/wp-content\/uploads\/2025\/09\/211010_Anciela-AgiraLyono\u00b0GregoryRubinstein-CollectifDesFlousFurieux-18-scaled.jpg\" data-eio-rwidth=\"1013\" data-eio-rheight=\"675\"\/><\/p>\n<p>L\u2019\u00e9dition 2021 du festival a r\u00e9uni pr\u00e8s d\u2019un millier de personnes. Photo : Gregory Rubinstein (collectif des Flous furieux).<\/p>\n<p class=\"content\" style=\"font-size:1.2em;font-weight:700\">A la Maison des Rancy, l&rsquo;association Anciela organise ce dimanche 27 septembre son festival Agir \u00e0 Lyon. Une journ\u00e9e pour \u00ab\u00a0tisser les solidarit\u00e9s et accueillir la nature dans les villes\u00a0\u00bb.<\/p>\n<p>L&rsquo;association Anciela, \u00e9ditrice du guide Agir \u00e0 Lyon, et qui \u0153uvre au service de la transition \u00e9cologique, organise une nouvelle ann\u00e9e son festival Agir \u00e0 Lyon, de 10h \u00e0 18h \u00e0 la maison des Rancy (Lyon 3e). Un \u00e9v\u00e8nement qui ambitionne \u00e0 f\u00e9d\u00e9rer les Lyonnaises et Lyonnais et \u00e0 trouver des solutions concr\u00e8tes afin d&rsquo;agir pour plus d&rsquo;\u00e9cologie et de solidarit\u00e9 dans leurs quartiers.<\/p>\n<p>Au programme, des conf\u00e9rences et des balades viendront rythmer la journ\u00e9e. Une invitation \u00e0 r\u00e9fl\u00e9chir ensemble sur des enjeux de soci\u00e9t\u00e9 lors de conf\u00e9rences sur la nature \u00e0 l&rsquo;\u00e9cole, voyager autrement, ou encore sur les violences au sein des foyers. Avant de prolonger la r\u00e9flexion \u00e0 travers des balades th\u00e9matiques qui mettent en avant des initiatives locales. <\/p>\n<p><strong>Ateliers et rencontres<\/strong><\/p>\n<p>Au coeur du festival se tiendra un \u00ab\u00a0village atelier\u00a0\u00bb afin de mettre la main \u00e0 la p\u00e2te. Des cours de cuisine, de r\u00e9paration de v\u00e9los ou d&rsquo;appareils \u00e9lectroniques et des atelier de jardinage seront propos\u00e9s. A quelques pas de l\u00e0, plus de 40 associations locales viendront \u00e0 la rencontre des Lyonnais pour \u00e9changer sur la justice sociale, l&rsquo;agriculture durable, le f\u00e9minisme et la biodiversit\u00e9, pour ne citer qu&rsquo;une liste non exhaustive.<\/p>\n<p>Parce qu&rsquo;agir peut aussi \u00eatre synonyme de f\u00eate, la programmation se d\u00e9ploiera dans une ambiance conviviale avec des concerts engag\u00e9s, notamment avec la venue de Graines \u00e9lectroniques, de spectacles familiaux et d&rsquo;animations ludiques. <\/p>\n<p>Entr\u00e9e libre. Programmation et inscriptions aux conf\u00e9rences et ateliers : <a href=\"https:\/\/agiralyon.fr\/festival\/\" target=\"_blank\" rel=\"noreferrer noopener\">agiralyon.fr\/festival<\/a>.<\/p>\n","protected":false},"excerpt":{"rendered":"L\u2019\u00e9dition 2021 du festival a r\u00e9uni pr\u00e8s d\u2019un millier de personnes. Photo : Gregory Rubinstein (collectif des Flous&hellip;\n","protected":false},"author":2,"featured_media":421438,"comment_status":"","ping_status":"","sticky":false,"template":"","format":"standard","meta":{"footnotes":""},"categories":[1889],"tags":[1111,11,2430,51,1777,674,849,1011,27,2428,12,25],"class_list":{"0":"post-422648","1":"post","2":"type-post","3":"status-publish","4":"format-standard","5":"has-post-thumbnail","7":"category-lyon","8":"tag-actu","9":"tag-actualites","10":"tag-auvergne-rhone-alpes","11":"tag-ecologie","12":"tag-eu","13":"tag-europe","14":"tag-festival","15":"tag-fr","16":"tag-france","17":"tag-lyon","18":"tag-news","19":"tag-republique-francaise"},"share_on_mastodon":{"url":"https:\/\/pubeurope.com\/@fr\/115279280511351910","error":""},"_links":{"self":[{"href":"https:\/\/www.europesays.com\/fr\/wp-json\/wp\/v2\/posts\/422648","targetHints":{"allow":["GET"]}}],"collection":[{"href":"https:\/\/www.europesays.com\/fr\/wp-json\/wp\/v2\/posts"}],"about":[{"href":"https:\/\/www.europesays.com\/fr\/wp-json\/wp\/v2\/types\/post"}],"author":[{"embeddable":true,"href":"https:\/\/www.europesays.com\/fr\/wp-json\/wp\/v2\/users\/2"}],"replies":[{"embeddable":true,"href":"https:\/\/www.europesays.com\/fr\/wp-json\/wp\/v2\/comments?post=422648"}],"version-history":[{"count":0,"href":"https:\/\/www.europesays.com\/fr\/wp-json\/wp\/v2\/posts\/422648\/revisions"}],"wp:featuredmedia":[{"embeddable":true,"href":"https:\/\/www.europesays.com\/fr\/wp-json\/wp\/v2\/media\/421438"}],"wp:attachment":[{"href":"https:\/\/www.europesays.com\/fr\/wp-json\/wp\/v2\/media?parent=422648"}],"wp:term":[{"taxonomy":"category","embeddable":true,"href":"https:\/\/www.europesays.com\/fr\/wp-json\/wp\/v2\/categories?post=422648"},{"taxonomy":"post_tag","embeddable":true,"href":"https:\/\/www.europesays.com\/fr\/wp-json\/wp\/v2\/tags?post=422648"}],"curies":[{"name":"wp","href":"https:\/\/api.w.org\/{rel}","templated":true}]}}