{"id":42265,"date":"2025-04-21T19:57:26","date_gmt":"2025-04-21T19:57:26","guid":{"rendered":"https:\/\/www.europesays.com\/fr\/42265\/"},"modified":"2025-04-21T19:57:26","modified_gmt":"2025-04-21T19:57:26","slug":"avec-stanislas-simon-liberati-se-livre-sur-12-ans-de-harcelement","status":"publish","type":"post","link":"https:\/\/www.europesays.com\/fr\/42265\/","title":{"rendered":"Avec \u00abStanislas\u00bb, Simon Liberati se livre sur 12 ans de harc\u00e8lement"},"content":{"rendered":"<p>\n                                                Sur la photo du premier communiant, en bandeau du r\u00e9cit,\u00a0le sourire est l\u00e0.\u00a0Et sous la frange brune, le regard amus\u00e9 se plante sans complexe dans\u00a0l\u2019objectif.\u00a0C\u2019est pourtant le r\u00e9cit de 12 ann\u00e9es de bagne que nous promet Simon Liberati dans Stanislas.                    <\/p>\n<p>12 ans pass\u00e9s entre les murs \u00e9pais de l\u2019une des institutions scolaires les\u00a0plus r\u00e9put\u00e9es et les plus courues de Paris:\u00a0le <strong><a target=\"_self\" href=\"https:\/\/www.rfi.fr\/fr\/france\/20240118-france-apr\u00e8s-ls-r\u00e9v\u00e9lations-de-mediapart-l-\u00e9tablissement-priv\u00e9-stanislas-dans-la-tourmente\" rel=\"noopener\">coll\u00e8ge Stanislas<\/a><\/strong>.\u00a0C\u2019\u00e9tait avant les pol\u00e9miques du 21 e si\u00e8cle, bien avant.\u00a0Les ann\u00e9es 1960, 70&#8230;.. La mue de la soci\u00e9t\u00e9 fran\u00e7aise d\u2019apr\u00e8s <strong><a target=\"_self\" href=\"https:\/\/www.rfi.fr\/fr\/tag\/mai-68\/\" rel=\"noopener\">mai 68<\/a><\/strong>\u00a0pour arriver \u00e0 ce que l\u2019auteur qualifie de \u00ab hideuses ann\u00e9es 80 \u00bb. Un r\u00e9cit personnel donc mais aussi le portrait sensible d\u2019une \u00e9poque.<\/p>\n<p><strong><a target=\"_self\" href=\"https:\/\/www.rfi.fr\/fr\/emission\/20151113-simon-liberati\" rel=\"noopener\">Simon Liberati<\/a><\/strong>\u00a0est l&rsquo;invit\u00e9 de <a target=\"_self\" href=\"https:\/\/www.rfi.fr\/fr\/podcasts\/sur-le-pont-des-arts\/\" rel=\"noopener\"><strong>Sur le pont des arts<\/strong><\/a>. <strong><a target=\"_blank\" href=\"https:\/\/www.grasset.fr\/livre\/stanislas-9782246841548\/\" rel=\"noopener\">Stanislas<\/a><\/strong> a paru chez <strong><a target=\"_blank\" href=\"https:\/\/www.grasset.fr\/\" rel=\"noopener\">Grasset<\/a><\/strong>.<\/p>\n<p><strong>Au programme de l&rsquo;\u00e9mission<\/strong>\u00a0<strong>:<\/strong><\/p>\n<p><strong>\u25ba<\/strong> <strong>Chronique Pionni\u00e8res de la culture<\/strong><\/p>\n<p><strong><a target=\"_self\" href=\"https:\/\/www.rfi.fr\/fr\/auteur\/marjorie-bertin\/\" rel=\"noopener\">Marjorie Bertin<\/a><\/strong> nous parle d\u2019une pionni\u00e8re du f\u00e9minisme dans le monde arabe, morte en 1941, la po\u00e9tesse libano-\u00e9gyptienne <strong><a target=\"_self\" href=\"https:\/\/www.rfi.fr\/fr\/podcasts\/en-sol-majeur\/20241117-les-femmes-de-carmen-boustani-colette-may-ziad\u00e9-et-beyrouth\" rel=\"noopener\">May Ziad\u00e9<\/a><\/strong>.<\/p>\n<p>\u00a0<\/p>\n<p><strong>\u25ba<\/strong>\u00a0<strong>Reportage<\/strong><\/p>\n<p><a target=\"_self\" href=\"https:\/\/www.rfi.fr\/fr\/auteur\/mo\u00efse-gomis\/\" rel=\"noopener\"><strong>Mo\u00efse Gomis<\/strong><\/a>, correspondant de RFI au <strong><a target=\"_self\" href=\"https:\/\/www.rfi.fr\/fr\/tag\/nigeria\/\" rel=\"noopener\">Nigeria<\/a><\/strong>, est all\u00e9 \u00e0 la rencontre d\u2019<strong><a target=\"_blank\" href=\"https:\/\/www.instagram.com\/ochai_ogaba\/?hl=fr\" rel=\"noopener\">Ochai Ogaba<\/a><\/strong> qui a fond\u00e9 et assure la direction artistique de la <strong><a target=\"_blank\" href=\"https:\/\/www.instagram.com\/mudartcompany\/?locale=fr_CA&amp;hl=af\" rel=\"noopener\">MudArt Dance Company<\/a><\/strong>, un ensemble de danse contemporaine. Il y a suivi\u00a0Ochai et ses huit danseurs pendant une s\u00e9ance intense de r\u00e9p\u00e9tition.<\/p>\n<p>\u00a0<\/p>\n<p><strong>\u25ba <\/strong><strong>Playlist du jour<\/strong><\/p>\n<p><strong>Jowee Omicil feat. Lulu Gainsbourg <\/strong>&#8211;\u00a0L&rsquo;intranquillit\u00e9<\/p>\n<p><strong>Lubiana<\/strong> &#8211; Farafina mousso<\/p>\n<p>                <script async src=\"\/\/www.instagram.com\/embed.js\"><\/script><\/p>\n","protected":false},"excerpt":{"rendered":"Sur la photo du premier communiant, en bandeau du r\u00e9cit,\u00a0le sourire est l\u00e0.\u00a0Et sous la frange brune, le&hellip;\n","protected":false},"author":2,"featured_media":42266,"comment_status":"","ping_status":"","sticky":false,"template":"","format":"standard","meta":{"footnotes":""},"categories":[1357],"tags":[1348,1379,251,5972,58,59,1011,27,1351,1380,12843],"class_list":{"0":"post-42265","1":"post","2":"type-post","3":"status-publish","4":"format-standard","5":"has-post-thumbnail","7":"category-livres","8":"tag-arts","9":"tag-books","10":"tag-culture","11":"tag-danse","12":"tag-divertissement","13":"tag-entertainment","14":"tag-fr","15":"tag-france","16":"tag-litterature","17":"tag-livres","18":"tag-sur-le-pont-des-arts"},"share_on_mastodon":{"url":"https:\/\/pubeurope.com\/@fr\/114377722708139943","error":""},"_links":{"self":[{"href":"https:\/\/www.europesays.com\/fr\/wp-json\/wp\/v2\/posts\/42265","targetHints":{"allow":["GET"]}}],"collection":[{"href":"https:\/\/www.europesays.com\/fr\/wp-json\/wp\/v2\/posts"}],"about":[{"href":"https:\/\/www.europesays.com\/fr\/wp-json\/wp\/v2\/types\/post"}],"author":[{"embeddable":true,"href":"https:\/\/www.europesays.com\/fr\/wp-json\/wp\/v2\/users\/2"}],"replies":[{"embeddable":true,"href":"https:\/\/www.europesays.com\/fr\/wp-json\/wp\/v2\/comments?post=42265"}],"version-history":[{"count":0,"href":"https:\/\/www.europesays.com\/fr\/wp-json\/wp\/v2\/posts\/42265\/revisions"}],"wp:featuredmedia":[{"embeddable":true,"href":"https:\/\/www.europesays.com\/fr\/wp-json\/wp\/v2\/media\/42266"}],"wp:attachment":[{"href":"https:\/\/www.europesays.com\/fr\/wp-json\/wp\/v2\/media?parent=42265"}],"wp:term":[{"taxonomy":"category","embeddable":true,"href":"https:\/\/www.europesays.com\/fr\/wp-json\/wp\/v2\/categories?post=42265"},{"taxonomy":"post_tag","embeddable":true,"href":"https:\/\/www.europesays.com\/fr\/wp-json\/wp\/v2\/tags?post=42265"}],"curies":[{"name":"wp","href":"https:\/\/api.w.org\/{rel}","templated":true}]}}