{"id":422651,"date":"2025-09-28T01:18:45","date_gmt":"2025-09-28T01:18:45","guid":{"rendered":"https:\/\/www.europesays.com\/fr\/422651\/"},"modified":"2025-09-28T01:18:45","modified_gmt":"2025-09-28T01:18:45","slug":"lile-de-france-valide-son-plan-des-mobilites-2030-avec-26-demissions-de-gaz-a-effet-de-serre-en-moins","status":"publish","type":"post","link":"https:\/\/www.europesays.com\/fr\/422651\/","title":{"rendered":"L&rsquo;\u00cele-de-France valide son Plan des mobilit\u00e9s 2030, avec 26% d&rsquo;\u00e9missions de gaz \u00e0 effet de serre en moins"},"content":{"rendered":"\n<p lang=\"fr-FR\" style=\"margin-bottom: 0cm;\">Le conseil r\u00e9gional a adopt\u00e9 hier mercredi son Plan des mobilit\u00e9s pour 2030. Ce document vise \u00e0 rendre les d\u00e9placements plus propres, fluides et inclusifs. La R\u00e9gion veut r\u00e9duire de 26\u202f% les \u00e9missions de gaz \u00e0 effet de serre li\u00e9es aux transports, mais aussi diminuer de 15\u202f% l\u2019usage de la voiture individuelle et tripler le nombre de trajets \u00e0 v\u00e9lo. Des mesures coupl\u00e9es au d\u00e9veloppement des transports en commun, du covoiturage et du t\u00e9l\u00e9travail\u00a0: 330km de nouvelles lignes devraient voir le jour, ainsi que 100 lignes de cars express. Autant d&rsquo;avanc\u00e9es auxquelles seraient favorables pr\u00e8s de 80% des collectivit\u00e9s (et acteurs) interrog\u00e9es.<\/p>\n<p lang=\"fr-FR\" style=\"margin-bottom: 0cm;\">\u00a0<\/p>\n<p lang=\"fr-FR\" style=\"margin-bottom: 0cm;\">Nicolas Chacun<\/p>\n<p>!function(f,b,e,v,n,t,s){if(f.fbq)return;n=f.fbq=function(){n.callMethod?<br \/>\nn.callMethod.apply(n,arguments):n.queue.push(arguments)};if(!f._fbq)f._fbq=n;<br \/>\nn.push=n;n.loaded=!0;n.version=&rsquo;2.0&prime;;n.queue=[];t=b.createElement(e);t.async=!0;<br \/>\nt.src=v;s=b.getElementsByTagName(e)[0];s.parentNode.insertBefore(t,s)}(window,<br \/>\ndocument,&rsquo;script&rsquo;,&rsquo;https:\/\/connect.facebook.net\/en_US\/fbevents.js&rsquo;);<br \/>\nfbq(&lsquo;init&rsquo;, &lsquo;278974969201861&rsquo;); \/\/ Insert your pixel ID here.<br \/>\nfbq(&lsquo;track&rsquo;, &lsquo;PageView&rsquo;);<\/p>\n","protected":false},"excerpt":{"rendered":"Le conseil r\u00e9gional a adopt\u00e9 hier mercredi son Plan des mobilit\u00e9s pour 2030. Ce document vise \u00e0 rendre&hellip;\n","protected":false},"author":2,"featured_media":15931,"comment_status":"","ping_status":"","sticky":false,"template":"","format":"standard","meta":{"footnotes":""},"categories":[1592],"tags":[1111,11,1933,1936,1777,1939,674,1011,27,662,1934,12,1940,626,1935,25,1937,1941,1938],"class_list":{"0":"post-422651","1":"post","2":"type-post","3":"status-publish","4":"format-standard","5":"has-post-thumbnail","7":"category-ile-de-france","8":"tag-actu","9":"tag-actualites","10":"tag-actualites-locales","11":"tag-essonne","12":"tag-eu","13":"tag-eure-et-loir","14":"tag-europe","15":"tag-fr","16":"tag-france","17":"tag-ile-de-france","18":"tag-infos-locales","19":"tag-news","20":"tag-oise","21":"tag-paris","22":"tag-pres-de-chez-vous","23":"tag-republique-francaise","24":"tag-seine-et-marne","25":"tag-somme","26":"tag-yvelines"},"share_on_mastodon":{"url":"https:\/\/pubeurope.com\/@fr\/115279292284696336","error":""},"_links":{"self":[{"href":"https:\/\/www.europesays.com\/fr\/wp-json\/wp\/v2\/posts\/422651","targetHints":{"allow":["GET"]}}],"collection":[{"href":"https:\/\/www.europesays.com\/fr\/wp-json\/wp\/v2\/posts"}],"about":[{"href":"https:\/\/www.europesays.com\/fr\/wp-json\/wp\/v2\/types\/post"}],"author":[{"embeddable":true,"href":"https:\/\/www.europesays.com\/fr\/wp-json\/wp\/v2\/users\/2"}],"replies":[{"embeddable":true,"href":"https:\/\/www.europesays.com\/fr\/wp-json\/wp\/v2\/comments?post=422651"}],"version-history":[{"count":0,"href":"https:\/\/www.europesays.com\/fr\/wp-json\/wp\/v2\/posts\/422651\/revisions"}],"wp:featuredmedia":[{"embeddable":true,"href":"https:\/\/www.europesays.com\/fr\/wp-json\/wp\/v2\/media\/15931"}],"wp:attachment":[{"href":"https:\/\/www.europesays.com\/fr\/wp-json\/wp\/v2\/media?parent=422651"}],"wp:term":[{"taxonomy":"category","embeddable":true,"href":"https:\/\/www.europesays.com\/fr\/wp-json\/wp\/v2\/categories?post=422651"},{"taxonomy":"post_tag","embeddable":true,"href":"https:\/\/www.europesays.com\/fr\/wp-json\/wp\/v2\/tags?post=422651"}],"curies":[{"name":"wp","href":"https:\/\/api.w.org\/{rel}","templated":true}]}}