{"id":422658,"date":"2025-09-28T01:22:11","date_gmt":"2025-09-28T01:22:11","guid":{"rendered":"https:\/\/www.europesays.com\/fr\/422658\/"},"modified":"2025-09-28T01:22:11","modified_gmt":"2025-09-28T01:22:11","slug":"deux-nouveaux-blesses-de-poids-pour-le-paris-saint-germain-ligue-1-j6-psg-auxerre-2-0","status":"publish","type":"post","link":"https:\/\/www.europesays.com\/fr\/422658\/","title":{"rendered":"Deux nouveaux bless\u00e9s de poids pour le Paris Saint-Germain &#8211; Ligue 1 &#8211; J6 &#8211; PSG-Auxerre (2-0)"},"content":{"rendered":"<p>Une victoire pour l\u2019\u00e9quipe, une d\u00e9faite pour son infirmerie.<\/p>\n<p>Si <a target=\"_blank\" href=\"https:\/\/www.sofoot.com\/articles\/le-paris-saint-germain-domine-auxerre-mais-perd-potentiellement-vitinha-et-kvaratskhelia-avant-barcelone\" rel=\"nofollow noopener\">le Paris Saint-Germain s\u2019est impos\u00e9 \u00e0 domicile contre Auxerre lors de la sixi\u00e8me journ\u00e9e de Ligue 1 et a (provisoirement ?) r\u00e9cup\u00e9r\u00e9 son fauteuil de leader du championnat de France<\/a>, tout ne s\u2019est pas exactement pass\u00e9 comme pr\u00e9vu : malgr\u00e9 un effectif d\u00e9j\u00e0 bien diminu\u00e9, <strong>le club de la capitale a vu Vitinha et Khvicha Kvaratskhelia se blesser<\/strong>.<\/p>\n<p>Le milieu portugais est en effet sorti d\u00e8s la demi-heure de jeu et a \u00e9t\u00e9 remplac\u00e9 par Achraf Hakimi, alors que le joueur g\u00e9orgien a attendu la mi-temps pour laisser sa place \u00e0 Bradley Barcola. <strong>Deux p\u00e9pins physiques qui ne sentent pas bon<\/strong> \u00e0 l\u2019heure d\u2019aller affronter Barcelone en Ligue des champions, ce mercredi.<\/p>\n<p>En attente de nouvelles rassurantes, peut-\u00eatre\u2026<\/p>\n<p>\t\t\t\t\t\t\t\t\t\t<a class=\"lien-connexe\" href=\"https:\/\/www.sofoot.com\/articles\/en-direct-psg-auxerre\" rel=\"nofollow noopener\" target=\"_blank\">Revivez PSG-Auxerre (2-0)<\/a>\t\t\t\t\t<\/p>\n","protected":false},"excerpt":{"rendered":"Une victoire pour l\u2019\u00e9quipe, une d\u00e9faite pour son infirmerie. Si le Paris Saint-Germain s\u2019est impos\u00e9 \u00e0 domicile contre&hellip;\n","protected":false},"author":2,"featured_media":422659,"comment_status":"","ping_status":"","sticky":false,"template":"","format":"standard","meta":{"footnotes":""},"categories":[1888],"tags":[47,11,61,69,65,64,1777,674,63,1011,27,68,66,12,62,626,70,25,67],"class_list":{"0":"post-422658","1":"post","2":"type-post","3":"status-publish","4":"format-standard","5":"has-post-thumbnail","7":"category-paris","8":"tag-actualite","9":"tag-actualites","10":"tag-actus-football","11":"tag-bundesliga","12":"tag-championnats-europeens","13":"tag-equipe-de-france","14":"tag-eu","15":"tag-europe","16":"tag-football","17":"tag-fr","18":"tag-france","19":"tag-ligua","20":"tag-ligue-1","21":"tag-news","22":"tag-news-foot","23":"tag-paris","24":"tag-premier-league","25":"tag-republique-francaise","26":"tag-serie-a"},"share_on_mastodon":{"url":"https:\/\/pubeurope.com\/@fr\/115279307975979556","error":""},"_links":{"self":[{"href":"https:\/\/www.europesays.com\/fr\/wp-json\/wp\/v2\/posts\/422658","targetHints":{"allow":["GET"]}}],"collection":[{"href":"https:\/\/www.europesays.com\/fr\/wp-json\/wp\/v2\/posts"}],"about":[{"href":"https:\/\/www.europesays.com\/fr\/wp-json\/wp\/v2\/types\/post"}],"author":[{"embeddable":true,"href":"https:\/\/www.europesays.com\/fr\/wp-json\/wp\/v2\/users\/2"}],"replies":[{"embeddable":true,"href":"https:\/\/www.europesays.com\/fr\/wp-json\/wp\/v2\/comments?post=422658"}],"version-history":[{"count":0,"href":"https:\/\/www.europesays.com\/fr\/wp-json\/wp\/v2\/posts\/422658\/revisions"}],"wp:featuredmedia":[{"embeddable":true,"href":"https:\/\/www.europesays.com\/fr\/wp-json\/wp\/v2\/media\/422659"}],"wp:attachment":[{"href":"https:\/\/www.europesays.com\/fr\/wp-json\/wp\/v2\/media?parent=422658"}],"wp:term":[{"taxonomy":"category","embeddable":true,"href":"https:\/\/www.europesays.com\/fr\/wp-json\/wp\/v2\/categories?post=422658"},{"taxonomy":"post_tag","embeddable":true,"href":"https:\/\/www.europesays.com\/fr\/wp-json\/wp\/v2\/tags?post=422658"}],"curies":[{"name":"wp","href":"https:\/\/api.w.org\/{rel}","templated":true}]}}