{"id":422664,"date":"2025-09-28T01:25:10","date_gmt":"2025-09-28T01:25:10","guid":{"rendered":"https:\/\/www.europesays.com\/fr\/422664\/"},"modified":"2025-09-28T01:25:10","modified_gmt":"2025-09-28T01:25:10","slug":"les-sanctions-de-lonu-contre-liran-retablies-apres-dix-ans","status":"publish","type":"post","link":"https:\/\/www.europesays.com\/fr\/422664\/","title":{"rendered":"les sanctions de l&rsquo;ONU contre l&rsquo;Iran r\u00e9tablies apr\u00e8s dix ans"},"content":{"rendered":"<p>De lourdes sanctions, allant d\u2019un embargo sur les armes \u00e0 des mesures \u00e9conomiques, sont entr\u00e9 en vigueur. Mais Europ\u00e9ens et Am\u00e9ricains ont imm\u00e9diatement assur\u00e9 que cela ne marquait pas la fin de la diplomatie.<\/p>\n<p class=\"fig-paragraph\">Les\u00a0<a href=\"http:\/\/www.lefigaro.fr\/international\/nucleaire-l-onu-donne-son-feu-vert-au-retablissement-des-sanctions-contre-l-iran-20250919\" data-fig-type=\"Article\" data-gtm-custom-categorie=\"navigation\" data-gtm-custom-action=\"crossclick\" data-gtm-custom-label=\"Contextuel\" data-gtm-event=\"customEventSPE\" data-fig-domain=\"LEFIGARO\" rel=\"nofollow noopener\" target=\"_blank\">sanctions de l&rsquo;ONU contre l&rsquo;Iran<\/a>\u00a0ont \u00e9t\u00e9 r\u00e9tablies samedi soir apr\u00e8s l&rsquo;\u00e9chec de n\u00e9gociations sur son programme nucl\u00e9aire avec les Occidentaux, qui ont toutefois imm\u00e9diatement appel\u00e9 \u00e0 reprendre le chemin de la diplomatie. Apr\u00e8s le feu vert du Conseil de s\u00e9curit\u00e9 de l&rsquo;ONU, de lourdes sanctions, allant d&rsquo;un embargo sur les armes \u00e0 des mesures \u00e9conomiques, sont \u00e0 nouveau en vigueur depuis samedi 20H00 heure de New York (dimanche 00H00 GMT), dix ans apr\u00e8s leur lev\u00e9e.<\/p>\n<p class=\"fig-paragraph\">Mais Europ\u00e9ens et Am\u00e9ricains ont imm\u00e9diatement assur\u00e9 que cela ne marquait pas la fin de la diplomatie. Le secr\u00e9taire d&rsquo;\u00c9tat am\u00e9ricain Marco Rubio a appel\u00e9 T\u00e9h\u00e9ran \u00e0 \u00abaccepter des discussions directes, en toute bonne foi\u00bb, tout en demandant \u00e0 tous les \u00c9tats d&rsquo;appliquer \u00abimm\u00e9diatement\u00bb les sanctions pour faire \u00abpression\u00bb sur l&rsquo;Iran.<\/p>\n<p>                                    <a class=\"fig-a11y-skip a11y-hidden\" href=\"#fig-a11y-skip-main-inarticle\"><br \/>\n        Passer la publicit\u00e9<br \/>\n    <\/a><\/p>\n<p class=\"fig-paragraph\">Les ministres Affaires \u00e9trang\u00e8res britannique, fran\u00e7ais et allemand ont eux assur\u00e9 dans un communiqu\u00e9 commun qu&rsquo;ils continueraient \u00e0 chercher \u00abune nouvelle solution diplomatique garantissant que l&rsquo;Iran ne se dote jamais de l&rsquo;arme nucl\u00e9aire\u00bb. En attendant, ils ont appel\u00e9 T\u00e9h\u00e9ran \u00ab\u00e0 s&rsquo;abstenir de toute action escalatoire\u00bb.<\/p>\n<p>Environ 440 kilos d\u2019uranium enrichi \u00e0 60%<\/p>\n<p class=\"fig-paragraph\">Selon l&rsquo;Agence internationale de l&rsquo;\u00e9nergie atomique (AIEA), l&rsquo;Iran est le seul pays non dot\u00e9 de l&rsquo;arme nucl\u00e9aire \u00e0 enrichir l&rsquo;uranium \u00e0 un niveau \u00e9lev\u00e9 (60%), proche du seuil technique de 90% n\u00e9cessaire \u00e0 la fabrication de la bombe atomique. T\u00e9h\u00e9ran se d\u00e9fend d&rsquo;avoir de telles ambitions sur le plan militaire mais insiste sur son droit au nucl\u00e9aire \u00e0 des fins civiles, notamment pour produire de l&rsquo;\u00e9lectricit\u00e9. L&rsquo;accord sur le nucl\u00e9aire (JCPOA) conclu en 2015 entre l&rsquo;Iran et les grandes puissances plafonnait ce taux \u00e0 3,67%.<\/p>\n<p class=\"fig-paragraph\">D&rsquo;apr\u00e8s l&rsquo;AIEA, l&rsquo;Iran dispose d&rsquo;environ 440 kilos d&rsquo;uranium enrichi \u00e0 60%, un stock qui, s&rsquo;il \u00e9tait enrichi jusqu&rsquo;au niveau de 90%, permettrait au pays de se doter de huit \u00e0 dix bombes nucl\u00e9aires, selon des experts europ\u00e9ens.<\/p>\n<p class=\"fig-paragraph\">Le pr\u00e9sident iranien Massoud Pezeshkian a affirm\u00e9 samedi que les \u00c9tats-Unis avaient exig\u00e9 de l&rsquo;Iran de lui remettre \u00abtout\u00bb son uranium enrichi en \u00e9change d&rsquo;une prolongation pour trois mois d&rsquo;une suspension des sanctions, qualifiant cette requ\u00eate d&rsquo;\u00abinacceptable\u00bb. \u00abIls veulent que nous leur c\u00e9dions tout notre uranium enrichi\u00bb, a d\u00e9clar\u00e9 \u00e0 la t\u00e9l\u00e9vision d&rsquo;\u00c9tat M. Pezeshkian. \u00abDans quelques mois, ils auront une nouvelle exigence\u00bb, a ajout\u00e9 le pr\u00e9sident iranien.<\/p>\n<p>La crainte d&rsquo;une nouvelle guerre<\/p>\n<p class=\"fig-paragraph\">Le Royaume-Uni, la France et l&rsquo;Allemagne, groupe de pays appel\u00e9s E3, ont d\u00e9clench\u00e9 fin ao\u00fbt le m\u00e9canisme du \u00absnapback\u00bb qui permettait dans un d\u00e9lai de 30 jours de r\u00e9tablir les sanctions lev\u00e9es en 2015 apr\u00e8s l&rsquo;accord sur le nucl\u00e9aire iranien.<\/p>\n<p>                                    <a class=\"fig-a11y-skip a11y-hidden\" href=\"#fig-a11y-skip-main-inarticle_mtf\"><br \/>\n        Passer la publicit\u00e9<br \/>\n    <\/a><\/p>\n<p class=\"fig-paragraph\">Avant m\u00eame le r\u00e9tablissement formel des sanctions, l&rsquo;Iran a rappel\u00e9 samedi \u00abpour consultations\u00bb ses ambassadeurs dans les trois pays, selon la t\u00e9l\u00e9vision d&rsquo;\u00c9tat. \u00abLa situation (\u00e9conomique) actuelle \u00e9tait d\u00e9j\u00e0 tr\u00e8s difficile mais elle va empirer\u00bb, redoute Dariush, qui pr\u00e9f\u00e8re taire son patronyme. \u00abL&rsquo;impact du retour des sanctions est d\u00e9j\u00e0 \u00e9vident: le taux de change (du dollar face \u00e0 la monnaie nationale, le rial) augmente, et cela entra\u00eene une hausse des prix\u00bb des biens de consommation, d\u00e9clare \u00e0 l&rsquo;AFP cet ing\u00e9nieur de 50 ans. \u00abLa plupart des gens craignent une nouvelle guerre \u00e0 cause du snapback\u00bb, ajoute Dariush, en allusion aux frappes isra\u00e9liennes et am\u00e9ricaines en juin durant 12 jours contre l&rsquo;Iran.<\/p>\n<p>Pas de \u00abgestes concrets\u00bb<\/p>\n<p class=\"fig-paragraph\">Des r\u00e9unions au plus haut niveau se sont multipli\u00e9es toute la semaine en marge de l&rsquo;Assembl\u00e9e g\u00e9n\u00e9rale de l&rsquo;ONU \u00e0 New York pour tenter de trouver une solution diplomatique. Mais le trio europ\u00e9en a jug\u00e9 que T\u00e9h\u00e9ran n&rsquo;avait pas de \u00abgestes concrets\u00bb pour r\u00e9pondre \u00e0 ses trois conditions: reprise des n\u00e9gociations avec les \u00c9tats-Unis; acc\u00e8s des inspecteurs de l&rsquo;AIEA sur les sites nucl\u00e9aires sensibles de Natanz, Fordo et Ispahan, bombard\u00e9s en juin par Isra\u00ebl et les \u00c9tats-Unis; processus pour s\u00e9curiser le stock d&rsquo;uranium enrichi.<\/p>\n<p class=\"fig-paragraph\">La Russie et la Chine ont propos\u00e9, sans succ\u00e8s, vendredi au Conseil de s\u00e9curit\u00e9 de l&rsquo;ONU de prolonger de six mois le JCPOA qui expire le 18 octobre, afin de donner plus de chances \u00e0 la diplomatie. Dans ce contexte, le ministre russe des Affaires \u00e9trang\u00e8res Sergue\u00ef Lavrov a accus\u00e9 samedi les Occidentaux de \u00absaboter\u00bb la diplomatie, r\u00e9p\u00e9tant que pour Moscou, le r\u00e9tablissement des sanctions est \u00abl\u00e9galement invalide\u00bb et que la d\u00e9cision \u00abne peut pas \u00eatre appliqu\u00e9e\u00bb.<\/p>\n<p class=\"fig-paragraph\">En 2015, France, Royaume-Uni, Allemagne, \u00c9tats-Unis, Russie et Chine avaient conclu avec T\u00e9h\u00e9ran un accord, pr\u00e9voyant un encadrement des activit\u00e9s nucl\u00e9aires iraniennes en \u00e9change d&rsquo;une lev\u00e9e des sanctions. Les \u00c9tats-Unis, sous le premier mandat du pr\u00e9sident Donald Trump, ont d\u00e9cid\u00e9 en 2018 de s&rsquo;en retirer et de r\u00e9tablir leurs propres sanctions. L&rsquo;Iran s&rsquo;est ensuite affranchi de certains engagements, notamment sur l&rsquo;enrichissement d&rsquo;uranium. \u00abL&rsquo;Iran n&rsquo;a jamais cherch\u00e9 et ne cherchera jamais \u00e0 fabriquer une bombe atomique\u00bb, a affirm\u00e9 cette semaine \u00e0 l&rsquo;ONU le pr\u00e9sident iranien.<\/p>\n","protected":false},"excerpt":{"rendered":"De lourdes sanctions, allant d\u2019un embargo sur les armes \u00e0 des mesures \u00e9conomiques, sont entr\u00e9 en vigueur. Mais&hellip;\n","protected":false},"author":2,"featured_media":422665,"comment_status":"","ping_status":"","sticky":false,"template":"","format":"standard","meta":{"footnotes":""},"categories":[1589],"tags":[11,73,1866,3019,12,5654,3020,3521,1864,1865,1863,308],"class_list":{"0":"post-422664","1":"post","2":"type-post","3":"status-publish","4":"format-standard","5":"has-post-thumbnail","7":"category-etats-unis","8":"tag-actualites","9":"tag-etats-unis","10":"tag-etats-unis-damerique","11":"tag-iran","12":"tag-news","13":"tag-nucleaire","14":"tag-nucleaire-iranien","15":"tag-onu","16":"tag-united-states","17":"tag-united-states-of-america","18":"tag-us","19":"tag-usa"},"share_on_mastodon":{"url":"https:\/\/pubeurope.com\/@fr\/115279319929220352","error":""},"_links":{"self":[{"href":"https:\/\/www.europesays.com\/fr\/wp-json\/wp\/v2\/posts\/422664","targetHints":{"allow":["GET"]}}],"collection":[{"href":"https:\/\/www.europesays.com\/fr\/wp-json\/wp\/v2\/posts"}],"about":[{"href":"https:\/\/www.europesays.com\/fr\/wp-json\/wp\/v2\/types\/post"}],"author":[{"embeddable":true,"href":"https:\/\/www.europesays.com\/fr\/wp-json\/wp\/v2\/users\/2"}],"replies":[{"embeddable":true,"href":"https:\/\/www.europesays.com\/fr\/wp-json\/wp\/v2\/comments?post=422664"}],"version-history":[{"count":0,"href":"https:\/\/www.europesays.com\/fr\/wp-json\/wp\/v2\/posts\/422664\/revisions"}],"wp:featuredmedia":[{"embeddable":true,"href":"https:\/\/www.europesays.com\/fr\/wp-json\/wp\/v2\/media\/422665"}],"wp:attachment":[{"href":"https:\/\/www.europesays.com\/fr\/wp-json\/wp\/v2\/media?parent=422664"}],"wp:term":[{"taxonomy":"category","embeddable":true,"href":"https:\/\/www.europesays.com\/fr\/wp-json\/wp\/v2\/categories?post=422664"},{"taxonomy":"post_tag","embeddable":true,"href":"https:\/\/www.europesays.com\/fr\/wp-json\/wp\/v2\/tags?post=422664"}],"curies":[{"name":"wp","href":"https:\/\/api.w.org\/{rel}","templated":true}]}}