{"id":422668,"date":"2025-09-28T01:27:19","date_gmt":"2025-09-28T01:27:19","guid":{"rendered":"https:\/\/www.europesays.com\/fr\/422668\/"},"modified":"2025-09-28T01:27:19","modified_gmt":"2025-09-28T01:27:19","slug":"allemagne-dortmund-deroule-leverkusen-sen-sort-enfin","status":"publish","type":"post","link":"https:\/\/www.europesays.com\/fr\/422668\/","title":{"rendered":"Allemagne: Dortmund d\u00e9roule, Leverkusen s&rsquo;en sort enfin"},"content":{"rendered":"<p><a href=\"https:\/\/www.dhnet.be\/sports\/football\/europe\/championnatsetrangers\/2025\/09\/12\/sous-effectif-attaquants-sur-les-rotules-et-directeur-sportif-critique-vincent-kompany-doit-faire-face-aux-premieres-tempetes-au-bayern-munich-I6X4GUX6ZFBZ7KMKFR2YP6DUQI\/\" target=\"_blank\" rel=\"noopener noreferrer\" class=\"ap-StoryInterstitialLink ap-StoryElement ap-StoryElement--mb\">Sous effectif, attaquants sur les rotules et directeur sportif critiqu\u00e9 : Vincent Kompany doit faire face aux premi\u00e8res \u00ab\u00a0temp\u00eates\u00a0\u00bb au Bayern Munich<\/a><\/p>\n<p class=\"ap-StoryElement ap-StoryElement--mb ap-StoryText\">Seule ombre au tableau pour le BVB avant de recevoir Bilbao (mercredi, 21h00) pour la 2e journ\u00e9e de la phase de ligue de la Ligue des champions, la blessure \u00e0 une cuisse de son attaquant et buteur Serhou Guirassy \u00e0 l&rsquo;\u00e9chauffement.<\/p>\n<p class=\"ap-StoryElement ap-StoryElement--mb ap-StoryText\">Guirassy a \u00e9t\u00e9 remplac\u00e9 dans le onze de d\u00e9part par Julian Brandt, auteur des deux passes d\u00e9cisives de l&rsquo;apr\u00e8s-midi pour les Jaunes et Noirs.<\/p>\n<p>Leverkusen se replace <\/p>\n<p class=\"ap-StoryElement ap-StoryElement--mb ap-StoryText\">Apr\u00e8s avoir c\u00e9d\u00e9 deux points en fin de rencontre \u00e0 St. Pauli pour l&rsquo;ouverture de la Bundesliga, le Borussia a encha\u00een\u00e9 un quatri\u00e8me succ\u00e8s en championnat, tout comme le RB Leipzig.<\/p>\n<p class=\"text-left ap-StoryElement ap-StoryElement--mb ap-StoryText\">Corrig\u00e9 \u00e0 Munich par le Bayern (6-0) en ouverture du championnat, <a href=\"https:\/\/www.dhnet.be\/sports\/football\/diablesrouges\/2025\/09\/27\/les-belges-a-letranger-bakayoko-buteur-avec-leipzig-face-a-wolfsbourg-video-QK5MLYDAUNE2RJUY2QSZDHK7V4\/\" target=\"_self\" rel=\"noopener\">Leipzig s&rsquo;est impos\u00e9 1 \u00e0 0 \u00e0 Wolfsburg gr\u00e2ce \u00e0 un but de Johan Bakayoko<\/a> en premi\u00e8re p\u00e9riode (8e). Christoph Baugmartner a manqu\u00e9 un penalty en fin de rencontre et Leipzig s&rsquo;est fait peur jusqu&rsquo;au bout.<\/p>\n<p class=\"ap-StoryElement ap-StoryElement--mb ap-StoryText\">Priv\u00e9 de comp\u00e9tition europ\u00e9enne pour la premi\u00e8re fois depuis son arriv\u00e9e en Bundesliga lors de la saison 2016\/17, le club de l&rsquo;est de l&rsquo;Allemagne peut se concentrer sur la Bundesliga cette saison.<\/p>\n<p class=\"ap-StoryElement ap-StoryElement--mb ap-StoryText\">Derri\u00e8re le trio de t\u00eate, le Bayer Leverkusen de Kasper Hjulmand s&rsquo;est impos\u00e9 sur la pelouse de St. Pauli, pour se replacer \u00e0 la 4e place avec 8 points, en attendant le d\u00e9placement de l&rsquo;Eintracht Francfort (6 points) sur la pelouse du Borussia M\u00f6nchengladbach en d\u00e9but de soir\u00e9e (18h30).<\/p>\n<p class=\"ap-StoryElement ap-StoryElement--mb ap-StoryText\">Leverkusen a men\u00e9 au score gr\u00e2ce \u00e0 Edmond Tapsoba, mais a encore une fois vu son adversaire du jour revenir au score, comme ce fut le cas contre Hoffenheim (d\u00e9faite 2-1), \u00e0 Br\u00eame (3-3) et contre M\u00f6nchengladbach (1-1). Mais cette fois-ci, Ernest Poku a redonn\u00e9 l&rsquo;avantage au Werkself (le onze de l&rsquo;usine) en seconde p\u00e9riode (58e minute).<\/p>\n","protected":false},"excerpt":{"rendered":"Sous effectif, attaquants sur les rotules et directeur sportif critiqu\u00e9 : Vincent Kompany doit faire face aux premi\u00e8res&hellip;\n","protected":false},"author":2,"featured_media":422669,"comment_status":"","ping_status":"","sticky":false,"template":"","format":"standard","meta":{"footnotes":""},"categories":[1587],"tags":[11,672,1804,12384,1805,1803,55209,55210,1777,674,2257,3021,1801,55206,22552,55203,55207,12,55202,55208,1802,55204,55205],"class_list":{"0":"post-422668","1":"post","2":"type-post","3":"status-publish","4":"format-standard","5":"has-post-thumbnail","7":"category-allemagne","8":"tag-actualites","9":"tag-allemagne","10":"tag-bundesrepublik-deutschland","11":"tag-daniel-svensson","12":"tag-de","13":"tag-deutschland","14":"tag-edmond-tapsoba","15":"tag-ernest-poku","16":"tag-eu","17":"tag-europe","18":"tag-foot","19":"tag-ger","20":"tag-germany","21":"tag-johan-bakayoko","22":"tag-julian-brandt","23":"tag-karim-adeyemi","24":"tag-kasper-hjulmand","25":"tag-news","26":"tag-niko-kovac","27":"tag-paulina-gramaglia","28":"tag-republique-federale-dallemagne","29":"tag-robin-zentner","30":"tag-sehrou-guirassy"},"share_on_mastodon":{"url":"https:\/\/pubeurope.com\/@fr\/115279327589239023","error":""},"_links":{"self":[{"href":"https:\/\/www.europesays.com\/fr\/wp-json\/wp\/v2\/posts\/422668","targetHints":{"allow":["GET"]}}],"collection":[{"href":"https:\/\/www.europesays.com\/fr\/wp-json\/wp\/v2\/posts"}],"about":[{"href":"https:\/\/www.europesays.com\/fr\/wp-json\/wp\/v2\/types\/post"}],"author":[{"embeddable":true,"href":"https:\/\/www.europesays.com\/fr\/wp-json\/wp\/v2\/users\/2"}],"replies":[{"embeddable":true,"href":"https:\/\/www.europesays.com\/fr\/wp-json\/wp\/v2\/comments?post=422668"}],"version-history":[{"count":0,"href":"https:\/\/www.europesays.com\/fr\/wp-json\/wp\/v2\/posts\/422668\/revisions"}],"wp:featuredmedia":[{"embeddable":true,"href":"https:\/\/www.europesays.com\/fr\/wp-json\/wp\/v2\/media\/422669"}],"wp:attachment":[{"href":"https:\/\/www.europesays.com\/fr\/wp-json\/wp\/v2\/media?parent=422668"}],"wp:term":[{"taxonomy":"category","embeddable":true,"href":"https:\/\/www.europesays.com\/fr\/wp-json\/wp\/v2\/categories?post=422668"},{"taxonomy":"post_tag","embeddable":true,"href":"https:\/\/www.europesays.com\/fr\/wp-json\/wp\/v2\/tags?post=422668"}],"curies":[{"name":"wp","href":"https:\/\/api.w.org\/{rel}","templated":true}]}}