{"id":422694,"date":"2025-09-28T01:43:11","date_gmt":"2025-09-28T01:43:11","guid":{"rendered":"https:\/\/www.europesays.com\/fr\/422694\/"},"modified":"2025-09-28T01:43:11","modified_gmt":"2025-09-28T01:43:11","slug":"des-centaines-de-peintres-reunis-sur-les-berges-de-seine-a-la-maniere-des-impressionnistes","status":"publish","type":"post","link":"https:\/\/www.europesays.com\/fr\/422694\/","title":{"rendered":"des centaines de peintres r\u00e9unis sur les berges de Seine \u00ab \u00e0 la mani\u00e8re des impressionnistes \u00bb"},"content":{"rendered":"<p>            Par<br \/>\n        <strong><br \/>\n            <a href=\"https:\/\/actu.fr\/auteur\/ronan-bardet\" title=\"Consulter tous les articles de Ronan Bardet\" target=\"_blank\" rel=\"noopener\">Ronan Bardet<\/a><br \/>\n        <\/strong><\/p>\n<p>        Publi\u00e9 le<\/p>\n<p>            27 sept. 2025 \u00e0 15h16        <\/p>\n<p>En octobre\u00a02024, l\u2019Office de tourisme <a href=\"https:\/\/www.saintgermainbouclesdeseine.fr\/\" target=\"_blank\" rel=\"noopener\">Saint-Germain Boucles de Seine<\/a> avait r\u00e9uni<b> 150 peintres<\/b> \u00e0 l\u2019occasion des 150\u00a0ans de l\u2019impressionnisme. Une seule r\u00e8gle leur avait \u00e9t\u00e9 impos\u00e9e\u2009: peindre les berges de Seine. \u00ab\u2009Venez avec votre mat\u00e9riel et peignez l\u00e0 o\u00f9 vous en avez envie\u2009\u00bb, invitait alors l\u2019office.<\/p>\n<p class=\" wall-content\">Fort de ce succ\u00e8s, l\u2019institution organise une deuxi\u00e8me \u00e9dition intitul\u00e9e \u00ab\u2009les 150 peintres d\u2019une \u00eele \u00e0 l\u2019autre\u2009\u00bb, ce dimanche 28 septembre 2025. Les artistes peuvent choisir leur lieu de pr\u00e9dilection parmi<b> quatre choix<\/b>\u2009: au Hameau Fournaise \u00e0\u00a0<a href=\"https:\/\/actu.fr\/ile-de-france\/chatou_78146\" target=\"_blank\" rel=\"noopener\">Chatou<\/a> (Yvelines), au parc du Prieur\u00e9 \u00e0\u00a0<a href=\"https:\/\/actu.fr\/ile-de-france\/chatou_78146\" target=\"_blank\" rel=\"noopener\">Croissy-sur-Seine<\/a>, sur la Terrasse Sisley au\u00a0<a href=\"https:\/\/actu.fr\/ile-de-france\/le-port-marly_78502\" target=\"_blank\" rel=\"noopener\">Port Marly<\/a>\u00a0ou au parc Corbi\u00e8re au<a href=\"https:\/\/actu.fr\/ile-de-france\/le-pecq_78481\" target=\"_blank\" rel=\"noopener\">\u00a0Pecq<\/a>.<\/p>\n<p>Comme les impressionnistes<\/p>\n<p class=\" wall-content\">\u00ab\u2009Cette ann\u00e9e, l\u2019accent sera mis sur les \u00eeles et les parcs, <b>lieux de d\u00e9tente<\/b> et de beaut\u00e9, o\u00f9 la nature et l\u2019histoire se m\u00ealent\u2009\u00bb, pr\u00e9sente sur son site l\u2019Office de tourisme.<\/p>\n<blockquote class=\"ac-article-quote wall-content\">\n<p>\u00ab\u2009Durant cet \u00e9v\u00e9nement participent des peintres locaux, mais aussi des gens qui viennent de Normandie ou des Hauts-de-France. Ils se mettent en situation, comme \u00e0 l\u2019\u00e9poque, en sortant leur chevalet devant le paysage \u00e0 la mani\u00e8re des impressionnistes.\u2009\u00bb<\/p>\n<p>Priscille Peugnet, pr\u00e9sidente de l\u2019office de tourisme et adjointe au maire de Saint-Germain-en-Laye<\/p><\/blockquote>\n<p class=\" wall-content\">De tr\u00e8s<b> nombreux tableaux<\/b> peints lors de l\u2019\u00e9dition pr\u00e9c\u00e9dente, pr\u00e8s d\u2019une centaine, sont visibles sur le site web de l\u2019office de tourisme.<\/p>\n<p>Gratuit et ouvert \u00e0 tous<\/p>\n<p class=\" wall-content\">Cette ann\u00e9e, l\u2019\u00e9v\u00e9nement se d\u00e9roulera de 10\u2009h \u00e0 16\u2009h. Ouvert \u00e0 tous, gratuitement, il est <b>sans inscription <\/b>pour les curieux et les promeneurs qui souhaitent admirer le travail des artistes. Pour les amateurs et les professionnels du pinceau, un mail est \u00e0 adresser \u00e0 l\u2019office de tourisme afin de recevoir <b>un formulaire d\u2019inscription<\/b>.<\/p>\n<p class=\" wall-content\">\u00c0 l\u2019heure o\u00f9 nous \u00e9crivons ces lignes, <b>115 peintres<\/b> se sont d\u00e9j\u00e0 enregistr\u00e9s. L\u2019inscription est possible jusqu\u2019au dernier moment, le jour m\u00eame. En fin de journ\u00e9e, l\u2019office leur offrira une collation.<\/p>\n<p>Votre r\u00e9gion, votre actu !<\/p>\n<p>Recevez chaque jour les infos qui comptent pour vous.<\/p>\n<p>\t<a href=\"https:\/\/actu.fr\/newsletter\" class=\"ac-btn ac-btn--corner ac-btn--medium ac-btn--blue800\" target=\"_blank\" rel=\"noopener\">S&rsquo;incrire<\/a><br \/>\nInscription par mail \u00e0 <a href=\"https:\/\/actu.fr\/cdn-cgi\/l\/email-protection\" class=\"__cf_email__\" data-cfemail=\"bbd2d5ddd4fbc8ded2d5de96c8dad2d5cfdcdec9d6dad2d595ddc9\" target=\"_blank\" rel=\"noopener\">[email\u00a0protected]<\/a><\/p>\n<p class=\" wall-content\">Personnalisez votre actualit\u00e9 en ajoutant vos villes et m\u00e9dias en favori avec <a href=\"https:\/\/moncompte.actu.fr\" title=\"D\u00e9couvez Mon Actu\" rel=\"nofollow noopener\" data-trk=\"{&quot;cta&quot;:{&quot;action&quot;:&quot;https:\\\/\\\/moncompte.actu.fr&quot;,&quot;category&quot;:&quot;mon compte&quot;,&quot;from&quot;:&quot;article footer&quot;,&quot;name&quot;:&quot;Mon actu&quot;,&quot;type&quot;:&quot;cta&quot;}}\" target=\"_blank\">Mon Actu<\/a>.<\/p>\n","protected":false},"excerpt":{"rendered":"Par Ronan Bardet Publi\u00e9 le 27 sept. 2025 \u00e0 15h16 En octobre\u00a02024, l\u2019Office de tourisme Saint-Germain Boucles de&hellip;\n","protected":false},"author":2,"featured_media":422695,"comment_status":"","ping_status":"","sticky":false,"template":"","format":"standard","meta":{"footnotes":""},"categories":[1358],"tags":[1348,1384,1385,1386,58,59,1011,27,11949,1652],"class_list":{"0":"post-422694","1":"post","2":"type-post","3":"status-publish","4":"format-standard","5":"has-post-thumbnail","7":"category-arts-et-design","8":"tag-arts","9":"tag-arts-and-design","10":"tag-arts-et-design","11":"tag-design","12":"tag-divertissement","13":"tag-entertainment","14":"tag-fr","15":"tag-france","16":"tag-impressionnisme","17":"tag-loisirs-culture"},"share_on_mastodon":{"url":"https:\/\/pubeurope.com\/@fr\/115279390597880445","error":""},"_links":{"self":[{"href":"https:\/\/www.europesays.com\/fr\/wp-json\/wp\/v2\/posts\/422694","targetHints":{"allow":["GET"]}}],"collection":[{"href":"https:\/\/www.europesays.com\/fr\/wp-json\/wp\/v2\/posts"}],"about":[{"href":"https:\/\/www.europesays.com\/fr\/wp-json\/wp\/v2\/types\/post"}],"author":[{"embeddable":true,"href":"https:\/\/www.europesays.com\/fr\/wp-json\/wp\/v2\/users\/2"}],"replies":[{"embeddable":true,"href":"https:\/\/www.europesays.com\/fr\/wp-json\/wp\/v2\/comments?post=422694"}],"version-history":[{"count":0,"href":"https:\/\/www.europesays.com\/fr\/wp-json\/wp\/v2\/posts\/422694\/revisions"}],"wp:featuredmedia":[{"embeddable":true,"href":"https:\/\/www.europesays.com\/fr\/wp-json\/wp\/v2\/media\/422695"}],"wp:attachment":[{"href":"https:\/\/www.europesays.com\/fr\/wp-json\/wp\/v2\/media?parent=422694"}],"wp:term":[{"taxonomy":"category","embeddable":true,"href":"https:\/\/www.europesays.com\/fr\/wp-json\/wp\/v2\/categories?post=422694"},{"taxonomy":"post_tag","embeddable":true,"href":"https:\/\/www.europesays.com\/fr\/wp-json\/wp\/v2\/tags?post=422694"}],"curies":[{"name":"wp","href":"https:\/\/api.w.org\/{rel}","templated":true}]}}