{"id":422696,"date":"2025-09-28T01:44:22","date_gmt":"2025-09-28T01:44:22","guid":{"rendered":"https:\/\/www.europesays.com\/fr\/422696\/"},"modified":"2025-09-28T01:44:22","modified_gmt":"2025-09-28T01:44:22","slug":"la-mediatheque-de-lencloitre-dans-laventure-du-renaudot","status":"publish","type":"post","link":"https:\/\/www.europesays.com\/fr\/422696\/","title":{"rendered":"la m\u00e9diath\u00e8que de Lenclo\u00eetre dans l\u2019aventure du Renaudot"},"content":{"rendered":"<p>\u00c0 la <a target=\"_self\" href=\"https:\/\/www.lanouvellerepublique.fr\/vienne\/commune\/lencloitre\/les-petites-formes-s-exposent-a-la-mediatheque-de-lencloitre-1742754613\" rel=\"noopener\">m\u00e9diath\u00e8que de Lenclo\u00eetre<\/a>, le rendez-vous Tchatter, litt\u00e9, latt\u00e9 vient de franchir une nouvelle \u00e9tape. Depuis samedi 20\u00a0septembre, la dizaine de fid\u00e8les lecteurs s\u2019est lanc\u00e9e dans une belle aventure\u00a0: d\u00e9couvrir les romans en lice pour le prestigieux Prix Renaudot&#8230;. <\/p>\n<p>    Cet article a \u00e9t\u00e9 tronqu\u00e9. Abonnez-vous pour lire l&rsquo;article complet sur notre site.<\/p>\n<p style=\"margin: 0 !important; padding: 0 !important; font-size: 12px !important;\">Cet article a \u00e9t\u00e9 tronqu\u00e9. Abonnez-vous pour lire l&rsquo;article complet.<\/p>\n<p>    <a href=\"https:\/\/www.lanouvellerepublique.fr\/abonnements\" style=\"display: inline-block; margin-top: 5px !important; padding: 6px 12px !important; background: #cb1c27; color: white; text-decoration: none; border-radius: 4px; font-size: 12px !important;\" target=\"_blank\" rel=\"noopener\"><br \/>\n      S&rsquo;abonner<br \/>\n    <\/a><\/p>\n","protected":false},"excerpt":{"rendered":"\u00c0 la m\u00e9diath\u00e8que de Lenclo\u00eetre, le rendez-vous Tchatter, litt\u00e9, latt\u00e9 vient de franchir une nouvelle \u00e9tape. Depuis samedi&hellip;\n","protected":false},"author":2,"featured_media":422697,"comment_status":"","ping_status":"","sticky":false,"template":"","format":"standard","meta":{"footnotes":""},"categories":[1357],"tags":[1392,1379,1674,58,59,1011,27,55213,1380,1393,1584],"class_list":{"0":"post-422696","1":"post","2":"type-post","3":"status-publish","4":"format-standard","5":"has-post-thumbnail","7":"category-livres","8":"tag-a-la-une-local","9":"tag-books","10":"tag-communes","11":"tag-divertissement","12":"tag-entertainment","13":"tag-fr","14":"tag-france","15":"tag-lencloitre","16":"tag-livres","17":"tag-loisirs","18":"tag-vienne"},"share_on_mastodon":{"url":"https:\/\/pubeurope.com\/@fr\/115279394534263574","error":""},"_links":{"self":[{"href":"https:\/\/www.europesays.com\/fr\/wp-json\/wp\/v2\/posts\/422696","targetHints":{"allow":["GET"]}}],"collection":[{"href":"https:\/\/www.europesays.com\/fr\/wp-json\/wp\/v2\/posts"}],"about":[{"href":"https:\/\/www.europesays.com\/fr\/wp-json\/wp\/v2\/types\/post"}],"author":[{"embeddable":true,"href":"https:\/\/www.europesays.com\/fr\/wp-json\/wp\/v2\/users\/2"}],"replies":[{"embeddable":true,"href":"https:\/\/www.europesays.com\/fr\/wp-json\/wp\/v2\/comments?post=422696"}],"version-history":[{"count":0,"href":"https:\/\/www.europesays.com\/fr\/wp-json\/wp\/v2\/posts\/422696\/revisions"}],"wp:featuredmedia":[{"embeddable":true,"href":"https:\/\/www.europesays.com\/fr\/wp-json\/wp\/v2\/media\/422697"}],"wp:attachment":[{"href":"https:\/\/www.europesays.com\/fr\/wp-json\/wp\/v2\/media?parent=422696"}],"wp:term":[{"taxonomy":"category","embeddable":true,"href":"https:\/\/www.europesays.com\/fr\/wp-json\/wp\/v2\/categories?post=422696"},{"taxonomy":"post_tag","embeddable":true,"href":"https:\/\/www.europesays.com\/fr\/wp-json\/wp\/v2\/tags?post=422696"}],"curies":[{"name":"wp","href":"https:\/\/api.w.org\/{rel}","templated":true}]}}