{"id":422698,"date":"2025-09-28T01:45:32","date_gmt":"2025-09-28T01:45:32","guid":{"rendered":"https:\/\/www.europesays.com\/fr\/422698\/"},"modified":"2025-09-28T01:45:32","modified_gmt":"2025-09-28T01:45:32","slug":"ca-se-discute-revient-le-15-octobre-sur-rmc-life","status":"publish","type":"post","link":"https:\/\/www.europesays.com\/fr\/422698\/","title":{"rendered":"\u00ab\u00c7a se discute\u00bb revient le 15 octobre sur RMC Life"},"content":{"rendered":"<p>    Estelle Denis, aux manettes de la reprise de \u00ab\u00c7a se discute\u00bb, autrefois pr\u00e9sent\u00e9 par Jean-Luc Delarue.<br \/>\n                Capture d&rsquo;\u00e9cran<\/p>\n<p>Reprise par Estelle Denis dans sa formule originelle, l\u2019\u00e9mission culte des ann\u00e9es 90 du regrett\u00e9 Jean-Luc Delarue va faire les beaux jours de la nouvelle cha\u00eene de la TNT.<\/p>\n<p class=\"fig-paragraph\">Seize ans apr\u00e8s l\u2019arr\u00eat de\u00a0<a href=\"http:\/\/tvmag.lefigaro.fr\/programme-tv\/actu-tele\/on-garde-tous-les-codes-estelle-denis-devoile-les-contours-du-retour-de-ca-se-discute-sur-rmc-story-20250505\" data-fig-type=\"Article\" data-gtm-custom-categorie=\"navigation\" data-gtm-custom-action=\"crossclick\" data-gtm-custom-label=\"Contextuel\" data-gtm-event=\"customEventSPE\" data-fig-domain=\"TVMAG\" rel=\"nofollow noopener\" target=\"_blank\">\u00ab\u00c7a se discute\u00bb<\/a>, Estelle Denis, par ailleurs tous les jours sur RMC Story avec \u00abEstelle midi\u00a0: on ne va pas se mentir\u00bb, relance l\u2019\u00e9mission culte cr\u00e9\u00e9e en 1994 par\u00a0<a href=\"http:\/\/tvmag.lefigaro.fr\/programme-tv\/people\/treize-ans-apres-le-deces-de-jean-luc-delarue-sa-veuve-anissa-fait-encore-face-au-fisc-20250807\" target=\"_blank\" data-fig-type=\"Article\" rel=\"noopener nofollow\" data-gtm-custom-categorie=\"navigation\" data-gtm-custom-action=\"crossclick\" data-gtm-custom-label=\"Contextuel\" data-gtm-event=\"customEventSPE\" data-fig-domain=\"TVMAG\">Jean-Luc Delarue<\/a>. Elle a tourn\u00e9 deux num\u00e9ros le 10 juillet dernier. Le premier sera diffus\u00e9 le 15 octobre. \u00abQuand j\u2019ai vu \u00e9crit \u201c\u2018\u00c7a se discute\u2019 pr\u00e9sent\u00e9 par Estelle Denis\u201d, j\u2019ai ressenti un stress immense, j\u2019ai rarement ressenti autant de stress durant toute ma carri\u00e8re. Je suis hyperfi\u00e8re d\u2019animer ce programme mais je mesure aussi les responsabilit\u00e9s que j\u2019ai. Passer derri\u00e8re Jean-Luc Delarue n\u2019est pas facile du tout\u00bb, a d\u00e9clar\u00e9 la pr\u00e9sentatrice.<\/p>\n<p class=\"fig-paragraph\">Le g\u00e9n\u00e9rique culte de l\u2019\u00e9mission pr\u00e9sent\u00e9e sur France 2 pendant 15 saisons par le regrett\u00e9 Jean-Luc Delarue va donc r\u00e9sonner \u00e0 nouveau, mais sur\u00a0<a href=\"http:\/\/tvmag.lefigaro.fr\/programme-tv\/actu-tele\/karine-ferri-a-tf1-il-n-y-a-pas-beaucoup-de-place-pour-la-nouveaute-20250924\" target=\"_blank\" data-fig-type=\"Article\" rel=\"noopener nofollow\" data-gtm-custom-categorie=\"navigation\" data-gtm-custom-action=\"crossclick\" data-gtm-custom-label=\"Contextuel\" data-gtm-event=\"customEventSPE\" data-fig-domain=\"TVMAG\">RMC Life<\/a>, la rempla\u00e7ante de Ch\u00e9rie 25 sur la TNT, \u00e0 partir du 1er octobre. Le c\u00e9l\u00e8bre pr\u00e9sentateur, tablette et oreillette \u00e0 l\u2019appui, explorait de nombreuses questions de soci\u00e9t\u00e9 en abordant des sujets sensibles avec ses invit\u00e9s. Estelle Denis reprend le flambeau, aux manettes de cette nouvelle version du programme, d\u00e9sormais diffus\u00e9 en prime time.<\/p>\n<p class=\"fig-body-link\">\n            \u00c0 lire aussi<br \/>\n        <a class=\"fig-body-link__link\" href=\"http:\/\/tvmag.lefigaro.fr\/programme-tv\/actu-tele\/on-garde-tous-les-codes-estelle-denis-devoile-les-contours-du-retour-de-ca-se-discute-sur-rmc-story-20250505\" data-fig-type=\"Article\" data-gtm-custom-categorie=\"navigation\" data-gtm-custom-action=\"crossclick\" data-gtm-custom-label=\"Contextuel\" data-gtm-event=\"customEventSPE\" data-fig-domain=\"TVMAG\" rel=\"nofollow noopener\" target=\"_blank\">\u00abOn garde tous les codes\u00bb\u00a0: Estelle Denis d\u00e9voile les contours du retour de \u00ab\u00c7a se discute\u00bb sur RMC Story<br \/>\n    <\/a>\n<\/p>\n<p>                                    <a class=\"fig-a11y-skip a11y-hidden\" href=\"#fig-a11y-skip-main-inarticle\"><br \/>\n        Passer la publicit\u00e9<br \/>\n    <\/a><\/p>\n<p class=\"fig-paragraph\">La recette ne change quasiment pas. Une soir\u00e9e mensuelle construite autour d\u2019un long reportage de 90 minutes sur une question de soci\u00e9t\u00e9, suivi d\u2019\u00e9changes en plateau. Le premier num\u00e9ro s\u2019av\u00e8re d\u2019embl\u00e9e f\u00e9d\u00e9rateur\u00a0: \u00abChaque ann\u00e9e en France, 60.000 personnes disparaissent soudainement, laissant famille et proches dans l\u2019angoisse et le doute. O\u00f9 chercher\u00a0? Qui appeler\u00a0? Que faire\u00a0? Et comment savoir si la disparition est volontaire\u00a0?\u00bb.<\/p>\n<p class=\"fig-paragraph\">Cinq invit\u00e9s raconteront leurs histoires, sous le regard bienveillant de\u00a0<a href=\"http:\/\/tvmag.lefigaro.fr\/programme-tv\/actu-tele\/nous-n-avons-jamais-vu-d-histoire-comme-ca-christophe-delay-et-dominique-rizet-reagissent-au-proces-mazan-20240913\" target=\"_blank\" data-fig-type=\"Article\" rel=\"noopener nofollow\" data-gtm-custom-categorie=\"navigation\" data-gtm-custom-action=\"crossclick\" data-gtm-custom-label=\"Contextuel\" data-gtm-event=\"customEventSPE\" data-fig-domain=\"TVMAG\">Dominique Rizet<\/a>, journaliste et expert police justice, \u00e0 la t\u00eate de \u00abFaites entrer l\u2019accus\u00e9\u00bb sur RMC D\u00e9couverte. Et pour donner plus d\u2019ampleur au programme, RMC Life proposera ensuite un format baptis\u00e9 \u00abQue sont-ils devenus\u00a0?\u00bb, o\u00f9 les fans de l\u2019\u00e9mission des ann\u00e9es 90 retrouveront les t\u00e9moins les plus embl\u00e9matiques de l\u2019\u00e9poque de Jean-Luc Delarue.<\/p>\n","protected":false},"excerpt":{"rendered":"Estelle Denis, aux manettes de la reprise de \u00ab\u00c7a se discute\u00bb, autrefois pr\u00e9sent\u00e9 par Jean-Luc Delarue. Capture d&rsquo;\u00e9cran&hellip;\n","protected":false},"author":2,"featured_media":422699,"comment_status":"","ping_status":"","sticky":false,"template":"","format":"standard","meta":{"footnotes":""},"categories":[1356],"tags":[58,59,1011,27,10319,252,1364],"class_list":{"0":"post-422698","1":"post","2":"type-post","3":"status-publish","4":"format-standard","5":"has-post-thumbnail","7":"category-television","8":"tag-divertissement","9":"tag-entertainment","10":"tag-fr","11":"tag-france","12":"tag-rmc","13":"tag-television","14":"tag-tv"},"share_on_mastodon":{"url":"https:\/\/pubeurope.com\/@fr\/115279398629050475","error":""},"_links":{"self":[{"href":"https:\/\/www.europesays.com\/fr\/wp-json\/wp\/v2\/posts\/422698","targetHints":{"allow":["GET"]}}],"collection":[{"href":"https:\/\/www.europesays.com\/fr\/wp-json\/wp\/v2\/posts"}],"about":[{"href":"https:\/\/www.europesays.com\/fr\/wp-json\/wp\/v2\/types\/post"}],"author":[{"embeddable":true,"href":"https:\/\/www.europesays.com\/fr\/wp-json\/wp\/v2\/users\/2"}],"replies":[{"embeddable":true,"href":"https:\/\/www.europesays.com\/fr\/wp-json\/wp\/v2\/comments?post=422698"}],"version-history":[{"count":0,"href":"https:\/\/www.europesays.com\/fr\/wp-json\/wp\/v2\/posts\/422698\/revisions"}],"wp:featuredmedia":[{"embeddable":true,"href":"https:\/\/www.europesays.com\/fr\/wp-json\/wp\/v2\/media\/422699"}],"wp:attachment":[{"href":"https:\/\/www.europesays.com\/fr\/wp-json\/wp\/v2\/media?parent=422698"}],"wp:term":[{"taxonomy":"category","embeddable":true,"href":"https:\/\/www.europesays.com\/fr\/wp-json\/wp\/v2\/categories?post=422698"},{"taxonomy":"post_tag","embeddable":true,"href":"https:\/\/www.europesays.com\/fr\/wp-json\/wp\/v2\/tags?post=422698"}],"curies":[{"name":"wp","href":"https:\/\/api.w.org\/{rel}","templated":true}]}}