{"id":422706,"date":"2025-09-28T01:50:11","date_gmt":"2025-09-28T01:50:11","guid":{"rendered":"https:\/\/www.europesays.com\/fr\/422706\/"},"modified":"2025-09-28T01:50:11","modified_gmt":"2025-09-28T01:50:11","slug":"damuseur-en-chef-a-porte-voix-de-la-cause-juive-en-france","status":"publish","type":"post","link":"https:\/\/www.europesays.com\/fr\/422706\/","title":{"rendered":"d&rsquo;amuseur en chef \u00e0 porte-voix de la cause juive en France"},"content":{"rendered":"<p>Des hommes arm\u00e9s veillent la nuit chez lui et font des rondes. Le jour, trois mastards ne le l\u00e2chent pas d\u2019une semelle. Des vitres blind\u00e9es prot\u00e8gent ses bureaux. C\u2019est lui qui paie pour tout \u00e7a \u2013 il a refus\u00e9 la protection gouvernementale \u2013 mais c\u2019est <a href=\"https:\/\/www.latribune.fr\/la-tribune-dimanche\/politique\/bruno-retailleau-ministre-de-l-interieur-ma-sincerite-est-ma-force-1024127.html\" target=\"_blank\" rel=\"noopener\">le minist\u00e8re de l\u2019Int\u00e9rieur<\/a> qui choisit ses gardes du corps. \u00ab Parce qu\u2019ils ont des guns \u00bb, pr\u00e9cise Arthur en soufflant la bougie qui tr\u00f4ne au centre de la table en pierre autour de laquelle il nous re\u00e7oit.<\/p>\n<p>Le cours de sa vie a chang\u00e9 <a href=\"https:\/\/www.latribune.fr\/economie\/international\/un-an-du-7-octobre-le-temps-des-dechirures-1008180.html\" target=\"_blank\" rel=\"noopener\">le 7-Octobre<\/a>. Ou plus exactement le 23 novembre 2023. Ce matin-l\u00e0, celui qui a fait carri\u00e8re \u2013 et fortune \u2013 dans le divertissement a dit \u00ab je \u00bb et \u00ab Juif \u00bb au micro de Sonia Devillers sur France Inter. \u00ab\u202fElle m\u2019a invit\u00e9 pour parler d\u2019une nouvelle \u00e9mission de t\u00e9l\u00e9vision. Rien de plus. [\u2026] L\u2019interview a vrill\u00e9. Inattendue. Frontale. Je me suis retrouv\u00e9 \u00e0 parler de peur. D\u2019angoisse. De douleur.\u2009\u00bb<\/p>\n","protected":false},"excerpt":{"rendered":"Des hommes arm\u00e9s veillent la nuit chez lui et font des rondes. Le jour, trois mastards ne le&hellip;\n","protected":false},"author":2,"featured_media":422707,"comment_status":"","ping_status":"","sticky":false,"template":"","format":"standard","meta":{"footnotes":""},"categories":[8],"tags":[17,3738,7818,55216,55215,58,59,1011,27,45917,3102,55214,55217],"class_list":{"0":"post-422706","1":"post","2":"type-post","3":"status-publish","4":"format-standard","5":"has-post-thumbnail","7":"category-divertissement","8":"tag-17","9":"tag-cause","10":"tag-chef","11":"tag-damuseur","12":"tag-darthur","13":"tag-divertissement","14":"tag-entertainment","15":"tag-fr","16":"tag-france","17":"tag-juive","18":"tag-la-tribune-dimanche","19":"tag-metamorphose","20":"tag-porte-voix"},"share_on_mastodon":{"url":"https:\/\/pubeurope.com\/@fr\/115279417994636395","error":""},"_links":{"self":[{"href":"https:\/\/www.europesays.com\/fr\/wp-json\/wp\/v2\/posts\/422706","targetHints":{"allow":["GET"]}}],"collection":[{"href":"https:\/\/www.europesays.com\/fr\/wp-json\/wp\/v2\/posts"}],"about":[{"href":"https:\/\/www.europesays.com\/fr\/wp-json\/wp\/v2\/types\/post"}],"author":[{"embeddable":true,"href":"https:\/\/www.europesays.com\/fr\/wp-json\/wp\/v2\/users\/2"}],"replies":[{"embeddable":true,"href":"https:\/\/www.europesays.com\/fr\/wp-json\/wp\/v2\/comments?post=422706"}],"version-history":[{"count":0,"href":"https:\/\/www.europesays.com\/fr\/wp-json\/wp\/v2\/posts\/422706\/revisions"}],"wp:featuredmedia":[{"embeddable":true,"href":"https:\/\/www.europesays.com\/fr\/wp-json\/wp\/v2\/media\/422707"}],"wp:attachment":[{"href":"https:\/\/www.europesays.com\/fr\/wp-json\/wp\/v2\/media?parent=422706"}],"wp:term":[{"taxonomy":"category","embeddable":true,"href":"https:\/\/www.europesays.com\/fr\/wp-json\/wp\/v2\/categories?post=422706"},{"taxonomy":"post_tag","embeddable":true,"href":"https:\/\/www.europesays.com\/fr\/wp-json\/wp\/v2\/tags?post=422706"}],"curies":[{"name":"wp","href":"https:\/\/api.w.org\/{rel}","templated":true}]}}