{"id":422708,"date":"2025-09-28T01:51:34","date_gmt":"2025-09-28T01:51:34","guid":{"rendered":"https:\/\/www.europesays.com\/fr\/422708\/"},"modified":"2025-09-28T01:51:34","modified_gmt":"2025-09-28T01:51:34","slug":"la-mode-ne-jure-que-par-elles","status":"publish","type":"post","link":"https:\/\/www.europesays.com\/fr\/422708\/","title":{"rendered":"la mode ne jure que par elles"},"content":{"rendered":"<p>L\u2019automne 2025 marque un tournant d\u00e9cisif dans l\u2019univers des accessoires de mode.<\/p>\n<p>Les lunettes de soleil ne se contentent plus d\u2019\u00eatre de simples protections oculaires r\u00e9serv\u00e9es aux journ\u00e9es ensoleill\u00e9es d\u2019\u00e9t\u00e9.<\/p>\n<p>Elles s\u2019imposent d\u00e9sormais comme l\u2019accessoire incontournable de la saison froide, red\u00e9finissant les codes vestimentaires traditionnels.<\/p>\n<p>Cette r\u00e9volution stylistique transforme notre perception de cet accessoire embl\u00e9matique, qui devient un v\u00e9ritable statement piece capable d\u2019\u00e9lever n\u2019importe quelle tenue automnale.<\/p>\n<p>Les cr\u00e9ateurs de mode du monde entier ont unanimement adopt\u00e9 cette tendance, int\u00e9grant les lunettes de soleil dans leurs collections automne-hiver avec une audace remarquable. Cette \u00e9volution r\u00e9pond \u00e0 un besoin croissant d\u2019expression personnelle et de diff\u00e9renciation dans un monde o\u00f9 l\u2019individualit\u00e9 prime sur la conformit\u00e9.<\/p>\n<p>La r\u00e9volution des formes g\u00e9om\u00e9triques audacieuses<\/p>\n<p>Les <strong>formes g\u00e9om\u00e9triques<\/strong> dominent ind\u00e9niablement les tendances automne 2025. Les montures hexagonales, octogonales et m\u00eame dod\u00e9cagonales font leur apparition sur les podiums internationaux. Ces designs avant-gardistes brisent la monotonie des formes classiques rondes et rectangulaires qui ont longtemps r\u00e9gn\u00e9 en ma\u00eetre.<\/p>\n<p>Les <strong>lunettes triangulaires<\/strong> connaissent un succ\u00e8s particulier aupr\u00e8s des influenceurs mode. Leur forme angulaire apporte une dimension architecturale au visage, cr\u00e9ant des jeux d\u2019ombres et de lumi\u00e8res particuli\u00e8rement photog\u00e9niques. Cette g\u00e9om\u00e9trie audacieuse s\u2019adapte parfaitement aux manteaux structur\u00e9s et aux silhouettes \u00e9pur\u00e9es de l\u2019automne.<\/p>\n<p>Les asym\u00e9triques : quand l\u2019art rencontre la mode<\/p>\n<p>L\u2019asym\u00e9trie devient le nouveau langage de la cr\u00e9ativit\u00e9. Les montures pr\u00e9sentant des verres de tailles diff\u00e9rentes ou des branches aux longueurs variables cr\u00e9ent un effet visuel saisissant. Cette tendance puise son inspiration dans l\u2019art contemporain et l\u2019architecture d\u00e9constructiviste.<\/p>\n<ul>\n<li>Montures avec un verre rond et un verre carr\u00e9<\/li>\n<li>Branches de hauteurs diff\u00e9rentes<\/li>\n<li>Ponts d\u00e9centr\u00e9s cr\u00e9ant un effet d\u00e9cal\u00e9<\/li>\n<li>Combinaisons de mat\u00e9riaux contrastants sur chaque c\u00f4t\u00e9<\/li>\n<\/ul>\n<p>La palette chromatique de l\u2019automne 2025<\/p>\n<p>Les <strong>couleurs automnales<\/strong> se r\u00e9inventent cette saison avec une sophistication in\u00e9dite. Le traditionnel brun se d\u00e9cline en nuances complexes : cognac br\u00fbl\u00e9, marron glac\u00e9, et brun fum\u00e9. Ces teintes s\u2019harmonisent parfaitement avec les tons terre qui caract\u00e9risent les garde-robes automnales.<\/p>\n<p>Le <strong>vert sauge<\/strong> \u00e9merge comme la couleur surprise de la saison. Cette teinte apaisante apporte une fra\u00eecheur inattendue aux looks automnaux tout en conservant une \u00e9l\u00e9gance naturelle. Les verres teint\u00e9s dans cette couleur filtrent la lumi\u00e8re de mani\u00e8re particuli\u00e8rement flatteuse, cr\u00e9ant une ambiance douce et myst\u00e9rieuse.<\/p>\n<p>L\u2019explosion des m\u00e9talliques<\/p>\n<p>Les finitions m\u00e9talliques connaissent un renouveau spectaculaire. L\u2019or rose mat, le cuivre bross\u00e9 et l\u2019argent vieilli dominent les collections. Ces m\u00e9taux pr\u00e9cieux apportent une dimension luxueuse aux montures, transformant les lunettes de soleil en v\u00e9ritables bijoux pour le visage.<\/p>\n<p>Le <strong>titane color\u00e9<\/strong> fait sensation avec ses reflets iris\u00e9s qui changent selon l\u2019angle de vue. Cette innovation technologique permet d\u2019obtenir des effets chromatiques impossibles avec les mat\u00e9riaux traditionnels.<\/p>\n<p>Les mat\u00e9riaux innovants qui red\u00e9finissent le luxe<\/p>\n<p>L\u2019industrie luneti\u00e8re automne 2025 mise sur des <strong>mat\u00e9riaux durables<\/strong> sans compromis sur l\u2019esth\u00e9tique. L\u2019ac\u00e9tate bio-sourc\u00e9, fabriqu\u00e9 \u00e0 partir de fibres de coton et de pulpe de bois, offre une alternative \u00e9cologique aux plastiques traditionnels tout en conservant une qualit\u00e9 de finition exceptionnelle.<\/p>\n<p>Le <strong>bambou lamin\u00e9<\/strong> gagne en popularit\u00e9 gr\u00e2ce \u00e0 sa l\u00e9g\u00e8ret\u00e9 et sa r\u00e9sistance naturelle. Ce mat\u00e9riau noble apporte une texture unique et des variations de couleurs naturelles qui rendent chaque paire unique. Les artisans exploitent les veines naturelles du bambou pour cr\u00e9er des motifs organiques fascinants.<\/p>\n<p>La r\u00e9volution du bois pr\u00e9cieux<\/p>\n<p>Les essences rares font leur entr\u00e9e dans la haute lunetterie. L\u2019\u00e9b\u00e8ne du Gabon, le palissandre de Rio et le noyer europ\u00e9en s\u00e9culaire sont travaill\u00e9s avec un savoir-faire d\u2019orf\u00e8vre. Ces bois pr\u00e9cieux n\u00e9cessitent des techniques d\u2019usinage sp\u00e9cialis\u00e9es et un temps de s\u00e9chage prolong\u00e9, justifiant leur positionnement premium.<\/p>\n<tr>Mat\u00e9riauAvantagesStyle adapt\u00e9<\/tr>\n<tr>\n<td>Ac\u00e9tate bio-sourc\u00e9<\/td>\n<td>\u00c9cologique, coloris vari\u00e9s<\/td>\n<td>Casual chic<\/td>\n<\/tr>\n<tr>\n<td>Bambou lamin\u00e9<\/td>\n<td>L\u00e9ger, hypoallerg\u00e9nique<\/td>\n<td>Naturel urbain<\/td>\n<\/tr>\n<tr>\n<td>Bois pr\u00e9cieux<\/td>\n<td>Unique, noble<\/td>\n<td>Luxe discret<\/td>\n<\/tr>\n<p>L\u2019influence des r\u00e9seaux sociaux sur les tendances<\/p>\n<p>Les <strong>plateformes digitales<\/strong> acc\u00e9l\u00e8rent la diffusion des nouvelles tendances lunetti\u00e8res. TikTok et Instagram regorgent de cr\u00e9ateurs de contenu qui popularisent des styles audacieux, cr\u00e9ant des ph\u00e9nom\u00e8nes viraux autour de certaines formes ou couleurs.<\/p>\n<p>La <strong>personnalisation<\/strong> devient un crit\u00e8re d\u00e9terminant pour les consommateurs. Les marques proposent d\u00e9sormais des services de customisation permettant de choisir la couleur des verres, le type de monture et m\u00eame la gravure personnalis\u00e9e sur les branches.<\/p>\n<p>Le pouvoir des micro-influenceurs<\/p>\n<p>Les micro-influenceurs sp\u00e9cialis\u00e9s dans la mode masculine et f\u00e9minine orientent significativement les achats. Leur proximit\u00e9 avec leur audience cr\u00e9e une confiance qui se traduit par des conversions importantes. Les marques collaborent \u00e9troitement avec ces prescripteurs pour d\u00e9velopper des collections capsules exclusives.<\/p>\n<p>Les technologies int\u00e9gr\u00e9es : vers des lunettes intelligentes<\/p>\n<p>L\u2019automne 2025 voit l\u2019\u00e9mergence de <strong>lunettes connect\u00e9es<\/strong> alliant style et fonctionnalit\u00e9. Les verres photochromiques nouvelle g\u00e9n\u00e9ration s\u2019adaptent instantan\u00e9ment aux variations lumineuses, passant du transparent au teint\u00e9 en moins de trois secondes.<\/p>\n<p>Les <strong>capteurs int\u00e9gr\u00e9s<\/strong> mesurent l\u2019exposition aux UV et alertent l\u2019utilisateur via une application mobile d\u00e9di\u00e9e. Cette technologie invisible s\u2019int\u00e8gre parfaitement dans des designs \u00e9l\u00e9gants, sans compromettre l\u2019esth\u00e9tique g\u00e9n\u00e9rale.<\/p>\n<p>La r\u00e9alit\u00e9 augment\u00e9e discr\u00e8te<\/p>\n<p>Certains mod\u00e8les haut de gamme int\u00e8grent des micro-\u00e9crans dans les verres, affichant des informations contextuelles comme la m\u00e9t\u00e9o ou les notifications importantes. Cette technologie r\u00e9volutionnaire reste suffisamment discr\u00e8te pour pr\u00e9server l\u2019\u00e9l\u00e9gance de l\u2019accessoire.<\/p>\n<p>L\u2019art de porter des lunettes de soleil en automne<\/p>\n<p>Ma\u00eetriser l\u2019art du <strong>layering automnal<\/strong> avec des lunettes de soleil demande une compr\u00e9hension subtile des proportions et des couleurs. Les montures imposantes s\u2019harmonisent parfaitement avec les cols roul\u00e9s \u00e9pais et les \u00e9charpes volumineuses, cr\u00e9ant un \u00e9quilibre visuel harmonieux.<\/p>\n<p>Les <strong>associations chromatiques<\/strong> jouent un r\u00f4le crucial dans la r\u00e9ussite d\u2019un look. Une monture dor\u00e9e sublime un manteau camel, tandis qu\u2019une paire noire apporte une touche de modernit\u00e9 \u00e0 un ensemble beige traditionnel.<\/p>\n<p>Les r\u00e8gles du style automnal<\/p>\n<ol>\n<li>Adapter la taille des montures \u00e0 la silhouette g\u00e9n\u00e9rale<\/li>\n<li>Harmoniser les tons avec les accessoires existants<\/li>\n<li>Jouer sur les contrastes textures mates\/brillantes<\/li>\n<li>Consid\u00e9rer l\u2019\u00e9clairage ambiant de la saison<\/li>\n<\/ol>\n<p>L\u2019impact \u00e9conomique de cette tendance<\/p>\n<p>Le march\u00e9 des <strong>lunettes de soleil automne<\/strong> g\u00e9n\u00e8re une croissance inattendue du secteur. Les ventes traditionnellement concentr\u00e9es sur les mois d\u2019\u00e9t\u00e9 s\u2019\u00e9talent d\u00e9sormais sur l\u2019ann\u00e9e enti\u00e8re, stabilisant les revenus des fabricants et distributeurs.<\/p>\n<p>Cette d\u00e9mocratisation saisonni\u00e8re encourage l\u2019innovation et permet aux marques d\u2019investir davantage dans la recherche et d\u00e9veloppement. Les <strong>collections capsules<\/strong> automnales deviennent des \u00e9v\u00e9nements attendus par les consommateurs avertis.<\/p>\n<p>Les lunettes de soleil automne 2025 transcendent leur fonction premi\u00e8re pour devenir de v\u00e9ritables objets d\u2019art portable. Cette \u00e9volution refl\u00e8te une soci\u00e9t\u00e9 en qu\u00eate d\u2019authenticit\u00e9 et d\u2019expression personnelle, o\u00f9 chaque accessoire raconte une histoire unique. L\u2019avenir de cet accessoire iconique s\u2019annonce radieux, port\u00e9 par l\u2019innovation technologique et la cr\u00e9ativit\u00e9 sans limites des designers contemporains.<\/p>\n","protected":false},"excerpt":{"rendered":"L\u2019automne 2025 marque un tournant d\u00e9cisif dans l\u2019univers des accessoires de mode. Les lunettes de soleil ne se&hellip;\n","protected":false},"author":2,"featured_media":422709,"comment_status":"","ping_status":"","sticky":false,"template":"","format":"standard","meta":{"footnotes":""},"categories":[7],"tags":[1011,27,43,40,41,39,42,44],"class_list":{"0":"post-422708","1":"post","2":"type-post","3":"status-publish","4":"format-standard","5":"has-post-thumbnail","7":"category-sciences-et-technologies","8":"tag-fr","9":"tag-france","10":"tag-science","11":"tag-science-and-technology","12":"tag-sciences","13":"tag-sciences-et-technologies","14":"tag-technologies","15":"tag-technology"},"share_on_mastodon":{"url":"https:\/\/pubeurope.com\/@fr\/115279422352732054","error":""},"_links":{"self":[{"href":"https:\/\/www.europesays.com\/fr\/wp-json\/wp\/v2\/posts\/422708","targetHints":{"allow":["GET"]}}],"collection":[{"href":"https:\/\/www.europesays.com\/fr\/wp-json\/wp\/v2\/posts"}],"about":[{"href":"https:\/\/www.europesays.com\/fr\/wp-json\/wp\/v2\/types\/post"}],"author":[{"embeddable":true,"href":"https:\/\/www.europesays.com\/fr\/wp-json\/wp\/v2\/users\/2"}],"replies":[{"embeddable":true,"href":"https:\/\/www.europesays.com\/fr\/wp-json\/wp\/v2\/comments?post=422708"}],"version-history":[{"count":0,"href":"https:\/\/www.europesays.com\/fr\/wp-json\/wp\/v2\/posts\/422708\/revisions"}],"wp:featuredmedia":[{"embeddable":true,"href":"https:\/\/www.europesays.com\/fr\/wp-json\/wp\/v2\/media\/422709"}],"wp:attachment":[{"href":"https:\/\/www.europesays.com\/fr\/wp-json\/wp\/v2\/media?parent=422708"}],"wp:term":[{"taxonomy":"category","embeddable":true,"href":"https:\/\/www.europesays.com\/fr\/wp-json\/wp\/v2\/categories?post=422708"},{"taxonomy":"post_tag","embeddable":true,"href":"https:\/\/www.europesays.com\/fr\/wp-json\/wp\/v2\/tags?post=422708"}],"curies":[{"name":"wp","href":"https:\/\/api.w.org\/{rel}","templated":true}]}}