{"id":422716,"date":"2025-09-28T01:55:13","date_gmt":"2025-09-28T01:55:13","guid":{"rendered":"https:\/\/www.europesays.com\/fr\/422716\/"},"modified":"2025-09-28T01:55:13","modified_gmt":"2025-09-28T01:55:13","slug":"apres-une-avarie-sur-son-navire-lactrice-adele-haenel-quitte-la-mission","status":"publish","type":"post","link":"https:\/\/www.europesays.com\/fr\/422716\/","title":{"rendered":"Apr\u00e8s une avarie sur son navire, l\u2019actrice Ad\u00e8le Haenel quitte la mission"},"content":{"rendered":"<p>C\u2019est bien malgr\u00e9 elle que l\u2019actrice fran\u00e7aise <a href=\"https:\/\/www.20minutes.fr\/arts-stars\/cinema\/adele-haenel\/\" class=\"c-link c-link--is-underlined\" target=\"_blank\" rel=\"noopener\">Ad\u00e8le Haenel<\/a> a annonc\u00e9 ce samedi devoir quitter la flottille internationale en route vers <a href=\"https:\/\/www.20minutes.fr\/monde\/gaza\/\" class=\"c-link c-link--is-underlined\" target=\"_blank\" rel=\"noopener\">Gaza<\/a>. La raison\u00a0? Une avarie technique sur son bateau. N\u00e9anmoins, la com\u00e9dienne a appel\u00e9 de nouveau \u00e0 \u00ab\u00a0mettre la pression\u00a0\u00bb sur les gouvernements pour \u00ab\u00a0qu\u2019ils mettent un terme au <a href=\"https:\/\/www.20minutes.fr\/dossier\/genocide\" class=\"c-link c-link--is-underlined\" target=\"_blank\" rel=\"noopener\">g\u00e9nocide<\/a>\u00a0\u00bb dans l\u2019enclave palestinienne.<\/p>\n<p>L\u2019artiste et militante avait embarqu\u00e9 d\u00e9but septembre \u00e0 Tunis \u00e0 bord de la \u00ab\u00a0Global Sumud Flotilla\u00a0\u00bb. La flottille, qui se pr\u00e9sente comme la \u00ab\u00a0plus grande mission maritime au monde pour briser le blocus isra\u00e9lien ill\u00e9gal de Gaza\u00a0\u00bb, comprend selon ses organisateurs une cinquantaine de bateaux, avec \u00e0 bord plusieurs centaines de militants originaires de plus de 40 pays.<\/p>\n<p>Une avarie sur le \u00ab\u00a0Family Boat\u00a0\u00bb<\/p>\n<p>Dans une vid\u00e9o post\u00e9e sur son compte Instagram, elle d\u00e9clare \u00ab\u00a0devoir quitter la mission maritime, suite au fait que le moteur du bateau\u00a0\u00bb sur lequel elle se trouvait \u00ab\u00a0a cass\u00e9\u00a0\u00bb. La flottille avait signal\u00e9 vendredi sur le m\u00eame r\u00e9seau social une avarie sur le \u00ab\u00a0Family Boat\u00a0\u00bb, obligeant les organisateurs \u00e0 redistribuer les passagers sur d\u2019autres bateaux. L\u2019eurod\u00e9put\u00e9e franco-palestinienne <a href=\"https:\/\/www.20minutes.fr\/politique\/rima-hassan\/\" class=\"c-link c-link--is-underlined\" target=\"_blank\" rel=\"noopener\">Rima Hassan<\/a> a ainsi indiqu\u00e9, sur son compte, avoir chang\u00e9 de navire. \u00ab\u00a0J\u2019aurais tellement aim\u00e9 aller jusqu\u2019au bout de cette mission\u00a0\u00bb, explique Ad\u00e8le Haenel, ajoutant que \u00ab\u00a0ce qui compte, c\u2019est que [\u2026] les camarades qui sont sur la mer apportent l\u2019aide humanitaire et brisent le blocus\u00a0\u00bb.<\/p>\n<\/p>\n<p>La guerre dans la bande de Gaza, qui dure depuis bient\u00f4t deux ans, a \u00e9t\u00e9 d\u00e9clench\u00e9e par l\u2019attaque sans pr\u00e9c\u00e9dent du mouvement islamiste palestinien Hamas le 7\u00a0octobre 2023 sur le sol isra\u00e9lien. Un blocus total impos\u00e9 en mars par Isra\u00ebl sur le territoire palestinien et tr\u00e8s partiellement assoupli fin mai y a entra\u00een\u00e9 de graves p\u00e9nuries de nourriture, de m\u00e9dicaments et de carburant. L\u2019<a href=\"https:\/\/www.20minutes.fr\/monde\/onu\/\" class=\"c-link c-link--is-underlined\" target=\"_blank\" rel=\"noopener\">ONU<\/a> a d\u00e9clar\u00e9 en ao\u00fbt l\u2019\u00e9tat de famine \u00e0 Gaza.<\/p>\n<p>Maintenir la pression<\/p>\n<p>\u00ab\u00a0Il faut mettre la pression sur nos gouvernements\u00a0\u00bb, a insist\u00e9 Ad\u00e8le Haenel. \u00ab\u00a0Il faut qu\u2019ils fassent respecter le droit international, il faut qu\u2019ils mettent un terme au g\u00e9nocide et il faut qu\u2019ils mettent un terme \u00e0 la structure d\u2019apartheid en <a href=\"https:\/\/www.20minutes.fr\/monde\/israel\/\" class=\"c-link c-link--is-underlined\" target=\"_blank\" rel=\"noopener\">Isra\u00ebl<\/a>\u00a0\u00bb. \u00ab\u00a0C\u2019est ce vers quoi tous nos efforts doivent \u00eatre tendus, que ce soit sur la mer ou sur la terre\u00a0\u00bb. Parmi les personnalit\u00e9s \u00e0 bord figure \u00e9galement la militante su\u00e9doise <a href=\"https:\/\/www.20minutes.fr\/planete\/greta-thunberg\/\" class=\"c-link c-link--is-underlined\" target=\"_blank\" rel=\"noopener\">Greta Thunberg<\/a>. Un collectif d\u2019artistes et personnalit\u00e9s a par ailleurs r\u00e9clam\u00e9 samedi aux gouvernements fran\u00e7ais et belge \u00ab\u00a0la protection diplomatique\u00a0\u00bb de la flottille, qui affirme avoir fait l\u2019objet d\u2019attaques de drones sur son chemin.<\/p>\n","protected":false},"excerpt":{"rendered":"C\u2019est bien malgr\u00e9 elle que l\u2019actrice fran\u00e7aise Ad\u00e8le Haenel a annonc\u00e9 ce samedi devoir quitter la flottille internationale&hellip;\n","protected":false},"author":2,"featured_media":422717,"comment_status":"","ping_status":"","sticky":false,"template":"","format":"standard","meta":{"footnotes":""},"categories":[2],"tags":[47,11,22140,30076,1011,27,665,26418,664,74,12,3521,15442],"class_list":{"0":"post-422716","1":"post","2":"type-post","3":"status-publish","4":"format-standard","5":"has-post-thumbnail","7":"category-actualites","8":"tag-actualite","9":"tag-actualites","10":"tag-adele-haenel","11":"tag-flottille","12":"tag-fr","13":"tag-france","14":"tag-gaza","15":"tag-greta-thunberg","16":"tag-israel","17":"tag-monde","18":"tag-news","19":"tag-onu","20":"tag-rima-hassan"},"share_on_mastodon":{"url":"https:\/\/pubeurope.com\/@fr\/115279437652648824","error":""},"_links":{"self":[{"href":"https:\/\/www.europesays.com\/fr\/wp-json\/wp\/v2\/posts\/422716","targetHints":{"allow":["GET"]}}],"collection":[{"href":"https:\/\/www.europesays.com\/fr\/wp-json\/wp\/v2\/posts"}],"about":[{"href":"https:\/\/www.europesays.com\/fr\/wp-json\/wp\/v2\/types\/post"}],"author":[{"embeddable":true,"href":"https:\/\/www.europesays.com\/fr\/wp-json\/wp\/v2\/users\/2"}],"replies":[{"embeddable":true,"href":"https:\/\/www.europesays.com\/fr\/wp-json\/wp\/v2\/comments?post=422716"}],"version-history":[{"count":0,"href":"https:\/\/www.europesays.com\/fr\/wp-json\/wp\/v2\/posts\/422716\/revisions"}],"wp:featuredmedia":[{"embeddable":true,"href":"https:\/\/www.europesays.com\/fr\/wp-json\/wp\/v2\/media\/422717"}],"wp:attachment":[{"href":"https:\/\/www.europesays.com\/fr\/wp-json\/wp\/v2\/media?parent=422716"}],"wp:term":[{"taxonomy":"category","embeddable":true,"href":"https:\/\/www.europesays.com\/fr\/wp-json\/wp\/v2\/categories?post=422716"},{"taxonomy":"post_tag","embeddable":true,"href":"https:\/\/www.europesays.com\/fr\/wp-json\/wp\/v2\/tags?post=422716"}],"curies":[{"name":"wp","href":"https:\/\/api.w.org\/{rel}","templated":true}]}}