{"id":422718,"date":"2025-09-28T01:57:17","date_gmt":"2025-09-28T01:57:17","guid":{"rendered":"https:\/\/www.europesays.com\/fr\/422718\/"},"modified":"2025-09-28T01:57:17","modified_gmt":"2025-09-28T01:57:17","slug":"saint-etienne-guingamp-le-resume-de-lincroyable-victoire-den-avant-vainqueur-dans-le-chaudron-des-verts","status":"publish","type":"post","link":"https:\/\/www.europesays.com\/fr\/422718\/","title":{"rendered":"Saint-Etienne &#8211; Guingamp : le r\u00e9sum\u00e9 de l\u2019incroyable victoire d\u2019En Avant, vainqueur dans le Chaudron des Verts"},"content":{"rendered":"<p>      Face \u00e0 des St\u00e9phanois grandissimes favoris pour la mont\u00e9e, les Guingampais ont tout simplement m\u00e9rit\u00e9 de l\u2019emporter. Une prestation de haute vol\u00e9e qui les propulse au sixi\u00e8me rang.<\/p>\n<p>                    Ligue 2 (8e journ\u00e9e). AS Saint-\u00c9tienne \u2013 EA Guingamp : 2-3<\/p>\n<p>Le bruit et la ferveur auraient pu les d\u00e9sar\u00e7onner. Il n\u2019en fut rien. Les Guingampais ont jou\u00e9, tent\u00e9, mis de l\u2019intensit\u00e9 dans tout ce qu\u2019ils faisaient. Ils ont surtout m\u00e9rit\u00e9 de l\u2019emporter \u00e0 Geoffroy-Guichard et de s\u2019installer plus confortablement dans la premi\u00e8re moiti\u00e9 de tableau, \u00e0 la sixi\u00e8me place d\u00e9sormais. Comme s\u2019ils s\u2019\u00e9taient trouv\u00e9 une identit\u00e9 apr\u00e8s les atermoiements de ce d\u00e9but de saison.<\/p>\n<p>                    Hemia au milieu de quatre St\u00e9phanois<\/p>\n<p>\u00c0 la pause, d\u00e9j\u00e0, ils auraient d\u00fb mener si Boakye n\u2019\u00e9tait pas venu \u00e9viter aux siens un puissant grondement de m\u00e9contentement. La malchance s\u2019en \u00e9tait alors m\u00eal\u00e9e, la frappe du Ghan\u00e9en \u00e9tant \u00e0 la fois contr\u00e9e par Abdallah et Louiserre (44\u2019). Sauf que ce but n\u2019a rien enlev\u00e9, finalement, \u00e0 la formidable prestation des Guingampais.<\/p>\n<p>Loin d\u2019\u00eatre d\u00e9sar\u00e7onn\u00e9s par la folle ambiance du Chaudron, les Rouge et Noir ont r\u00e9alis\u00e9 la meilleure premi\u00e8re mi-temps de leur d\u00e9but de saison. Justes techniquement, ils ont offert quelques phases de possession de haut niveau dans le camp for\u00e9zien. Et ce fut tr\u00e8s logiquement qu\u2019ils men\u00e8rent au score gr\u00e2ce \u00e0 l\u2019indispensable Hemia. D\u2019abord servi par Mafouta, le meneur de jeu a d\u2019abord \u00e9t\u00e9 contr\u00e9 par Larsonneur mais il a trouv\u00e9 le moyen de r\u00e9cup\u00e9rer le ballon au milieu de quatre adversaires avant de d\u00e9clencher une nouvelle frappe, cette fois contr\u00e9e par Lamba et devenue une subtile balle lob\u00e9e (1-0, 29\u2019).<\/p>\n<p>                    Des Guingampais parmi plus de 32 000 supporters for\u00e9ziens<\/p>\n<p>Ce but dit beaucoup de la g\u00e9n\u00e9rosit\u00e9 qu\u2019ont mis les Costarmoricains dans cette partie. Cela vaut notamment pour Sissoko qui a excell\u00e9 \u00e0 un poste in\u00e9dit de d\u00e9fenseur central gauche. Aux individualit\u00e9s st\u00e9phanoises, les hommes de Sylvain Ripoll ont oppos\u00e9 leur collectif et leur solidarit\u00e9. Cela fut \u00e9galement vrai en seconde p\u00e9riode, m\u00eame si quelques impr\u00e9cisions sont venues entacher leurs mouvements.<\/p>\n<p>Mais rien d\u2019illogique, encore une fois, \u00e0 ce qu\u2019ils reprennent les devants. \u00c0 la r\u00e9ception d\u2019un centre d\u2019Ourega repouss\u00e9 par Larsonneur, Nlandu a mis tout son c\u0153ur dans son tir \u00e0 ras de terre six minutes apr\u00e8s son entr\u00e9e (1-2, 68\u2019). Ahile a ensuite port\u00e9 le score \u00e0 3-1, bien plac\u00e9 au second poteau (81\u2019). De la t\u00eate, Nad\u00e9 a permis \u00e0 l\u2019ASSE de revenir \u00e0 3-2 dans les arr\u00eats de jeu (90\u2019+ 2).<\/p>\n<p>Mais devant 32 131 spectateurs, les Costarmoricains ont \u00e9crit la plus belle page de leur d\u00e9but de championnat, face \u00e0 l\u2019ancien leader, invaincu jusque-l\u00e0. Une prouesse alors qu\u2019ils disputaient leur quatri\u00e8me match en seulement douze jours et que pas mal de doutes avaient encore entour\u00e9 leur derni\u00e8re prestation, face \u00e0 Dunkerque (2-1). Dans la touffeur du Chaudron, ils n\u2019ont jamais \u00e9t\u00e9 \u00e9touff\u00e9s, d\u00e9montrant un caract\u00e8re qu\u2019on ne leur connaissait pas encore. Une nouvelle saison a peut-\u00eatre commenc\u00e9 pour En Avant.<\/p>\n<p class=\"tech\"><strong class=\"tech\">BUTS.<\/strong> Saint-\u00c9tienne : Boakye (44\u2019), Nad\u00e9 (90\u2019+ 2) ; Guingamp : Hemia (29\u2019), Nlandu (68\u2019), Ahile (81\u2019).<\/p>\n<p class=\"tech\"><strong class=\"tech\">AVERTISSEMENTS. <\/strong>Saint-Etienne : Bernauer (45\u2019+ 1), Jaber (60\u2019) ; Guingamp : Sidib\u00e9 (26\u2019).<\/p>\n<p class=\"tech\">Exclusion : Bernauer (83\u2019).<\/p>\n<p class=\"tech\"><strong class=\"tech\">SAINT-\u00c9TIENNE<\/strong> : Larsonneur (cap.) &#8211; Bernauer, Lamba, Nad\u00e9, Annan (Ferreira, 76\u2019) \u2013 Tardieu \u2013 Moueffek (Miladinovic, 58\u2019), Jaber (Duffus, 76\u2019) &#8211; Boakye, Stassin (Old, 84\u2019), Davitashvili (Cardona, 58\u2019). Non entr\u00e9s en jeu : Maubleu (g.), El Jamali. Entr. : E. Horneland.<\/p>\n<p class=\"tech\"><strong class=\"tech\">GUINGAMP<\/strong> : Bartouche-Selbonne \u2013 Koffi, Gomis, Sissoko, Abdallah \u2013 Hatchi (Ott, 62\u2019), Louiserre (cap.), Sidib\u00e9 (Nlandu, 62\u2019), Mbemba (Ourega, 62\u2019) \u2013 Hemia (Ahile, 78\u2019), Mafouta (Kielt, 78\u2019).<\/p>\n<p class=\"tech\">Non entr\u00e9s en jeu : Marec (g.), D\u00e9mouchy. Entr. : S. Ripoll<\/p>\n<p>Cr\u00e9dit photo : Photo Thierry Larret\/Le Progr\u00e8s<\/p>\n","protected":false},"excerpt":{"rendered":"Face \u00e0 des St\u00e9phanois grandissimes favoris pour la mont\u00e9e, les Guingampais ont tout simplement m\u00e9rit\u00e9 de l\u2019emporter. Une&hellip;\n","protected":false},"author":2,"featured_media":422719,"comment_status":"","ping_status":"","sticky":false,"template":"","format":"standard","meta":{"footnotes":""},"categories":[9653],"tags":[1111,11,2430,19062,1777,674,63,1011,27,4044,12,25,4001,60],"class_list":{"0":"post-422718","1":"post","2":"type-post","3":"status-publish","4":"format-standard","5":"has-post-thumbnail","7":"category-saint-etienne","8":"tag-actu","9":"tag-actualites","10":"tag-auvergne-rhone-alpes","11":"tag-ea-guingamp","12":"tag-eu","13":"tag-europe","14":"tag-football","15":"tag-fr","16":"tag-france","17":"tag-guingamp","18":"tag-news","19":"tag-republique-francaise","20":"tag-saint-etienne","21":"tag-sports"},"share_on_mastodon":{"url":"https:\/\/pubeurope.com\/@fr\/115279445530841477","error":""},"_links":{"self":[{"href":"https:\/\/www.europesays.com\/fr\/wp-json\/wp\/v2\/posts\/422718","targetHints":{"allow":["GET"]}}],"collection":[{"href":"https:\/\/www.europesays.com\/fr\/wp-json\/wp\/v2\/posts"}],"about":[{"href":"https:\/\/www.europesays.com\/fr\/wp-json\/wp\/v2\/types\/post"}],"author":[{"embeddable":true,"href":"https:\/\/www.europesays.com\/fr\/wp-json\/wp\/v2\/users\/2"}],"replies":[{"embeddable":true,"href":"https:\/\/www.europesays.com\/fr\/wp-json\/wp\/v2\/comments?post=422718"}],"version-history":[{"count":0,"href":"https:\/\/www.europesays.com\/fr\/wp-json\/wp\/v2\/posts\/422718\/revisions"}],"wp:featuredmedia":[{"embeddable":true,"href":"https:\/\/www.europesays.com\/fr\/wp-json\/wp\/v2\/media\/422719"}],"wp:attachment":[{"href":"https:\/\/www.europesays.com\/fr\/wp-json\/wp\/v2\/media?parent=422718"}],"wp:term":[{"taxonomy":"category","embeddable":true,"href":"https:\/\/www.europesays.com\/fr\/wp-json\/wp\/v2\/categories?post=422718"},{"taxonomy":"post_tag","embeddable":true,"href":"https:\/\/www.europesays.com\/fr\/wp-json\/wp\/v2\/tags?post=422718"}],"curies":[{"name":"wp","href":"https:\/\/api.w.org\/{rel}","templated":true}]}}