{"id":422731,"date":"2025-09-28T02:10:13","date_gmt":"2025-09-28T02:10:13","guid":{"rendered":"https:\/\/www.europesays.com\/fr\/422731\/"},"modified":"2025-09-28T02:10:13","modified_gmt":"2025-09-28T02:10:13","slug":"basket-ball-n2f-une-defaite-riche-en-enseignements-pour-lavenir-de-rennes-sport-2","status":"publish","type":"post","link":"https:\/\/www.europesays.com\/fr\/422731\/","title":{"rendered":"Basket-ball. N2F\u00a0: une d\u00e9faite riche en enseignements pour l\u2019Avenir de Rennes . Sport"},"content":{"rendered":"<p>Le premier quart-temps se lan\u00e7ait sur un faux rythme, un round d\u2019observation o\u00f9 chaque \u00e9quipe se mettait en place. <a href=\"https:\/\/www.ouest-france.fr\/sport\/basket\/avenir-rennes-basket\/\" target=\"_blank\" rel=\"noopener\">Rennes <\/a>prenait les devants face \u00e0 la jeunesse angevine (12-10, 10\u2019).<\/p>\n<p><strong>Lire aussi : <\/strong> <a href=\"https:\/\/rennes.maville.com\/sport\/detail_-basket.-en-n2-un-nouvel-avenir-pour-les-filles-de-rennes-_52674-6982949_actu.Htm\" target=\"_blank\" rel=\"noopener\">Basket. En N2, un nouvel Avenir pour les filles de Rennes<\/a><\/p>\n<p>Dans le deuxi\u00e8me quart-temps, les deux formations \u00e9voluaient plus rapidement. Les contre-attaques se succ\u00e9daient et la finition sous le cercle \u00e9tait imparable. Les Rennaises imposaient une d\u00e9fense herm\u00e9tique et s\u2019offraient quelques unit\u00e9s d\u2019avance (21-17, 14\u2019). La d\u00e9bauche d\u2019\u00e9nergie se faisait sentir. Angers en profitait et prenait l\u2019avantage. \u00c0 la pause, Rennes affichait un l\u00e9ger retard (26-29, 20\u2019).<\/p>\n<p>\u00ab\u00a0Ce que je retiens, c\u2019est l\u2019attitude\u00a0\u00bb<\/p>\n<p>Au retour des vestiaires, les deux collectifs voulaient faire la diff\u00e9rence. C\u2019\u00e9tait un duel longue distance qui prenait place. Gaudin et Barthelemy c\u00f4t\u00e9 Rennais, et, en face, Magnen r\u00e9pondait avec trois tirs prim\u00e9s. Angers \u00e9tait d\u00e9sormais en t\u00eate (34-44, 25\u2019). Les Rennaises effectuaient un r\u00e9ajustement d\u00e9fensif demand\u00e9 par le coach et revenaient dans la partie (45-50, 30\u2019).<\/p>\n<p>Sur sa lanc\u00e9e, l\u2019Avenir grignotait et revenait sur son adversaire (51-52, 34\u2019). Mais Angers avait des ressources et Girandi\u00e8re le prouvait avec deux ogives cons\u00e9cutives \u00e0 3\u00a0points qui climatisaient la salle (55-62, 38\u2019).<\/p>\n<p>Jusqu\u2019au bout, les Rennaises tentaient de revenir mais devaient s\u2019avouer vaincues, sans d\u00e9m\u00e9riter, selon le coach rennais Pierrick le Corre\u00a0: <strong>\u00ab\u00a0C\u2019\u00e9tait une premi\u00e8re face \u00e0 un adversaire qui a montr\u00e9 son potentiel l\u2019ann\u00e9e derni\u00e8re en terminant troisi\u00e8me. Notre effectif est remani\u00e9 mais ce que je retiens, c\u2019est l\u2019attitude. On n\u2019a rien l\u00e2ch\u00e9, cela montre la force du collectif qui prend forme.\u00a0\u00bb<\/strong><\/p>\n<p><strong>AVENIR DE RENNES \u2013 ANGERS (B)\u00a0: 61-67<\/strong> <br \/>(12-10, 13-19, 20-21, 16-17)<\/p>\n<p><strong>RENNES<\/strong>\u00a0: Gaudin 5, Vergnes 3, Lepine 8, Lebrun 4, Confais 6, Pechard 8, Ivala-Mendome 13, Barthelemy 14, Jean.<\/p>\n<p><strong>ANGERS (B)\u00a0:<\/strong> Girandi\u00e8re 11, Bodier 8, Dutay, Petiteau 17, Barre 12, Salvi, Magnen 15, Guerif, Traore 4.<\/p>\n<p>\u00a0<\/p>\n","protected":false},"excerpt":{"rendered":"Le premier quart-temps se lan\u00e7ait sur un faux rythme, un round d\u2019observation o\u00f9 chaque \u00e9quipe se mettait en&hellip;\n","protected":false},"author":2,"featured_media":422510,"comment_status":"","ping_status":"","sticky":false,"template":"","format":"standard","meta":{"footnotes":""},"categories":[2821],"tags":[1111,11,3809,1465,829,1777,674,63,1011,27,1792,1922,12,584,25,479,4937,517,1470],"class_list":{"0":"post-422731","1":"post","2":"type-post","3":"status-publish","4":"format-standard","5":"has-post-thumbnail","7":"category-rennes","8":"tag-actu","9":"tag-actualites","10":"tag-ball","11":"tag-basket","12":"tag-bretagne","13":"tag-eu","14":"tag-europe","15":"tag-football","16":"tag-fr","17":"tag-france","18":"tag-handball","19":"tag-info","20":"tag-news","21":"tag-rennes","22":"tag-republique-francaise","23":"tag-rugby","24":"tag-saint-brieuc","25":"tag-sport","26":"tag-volley"},"share_on_mastodon":{"url":"https:\/\/pubeurope.com\/@fr\/115279496806827242","error":""},"_links":{"self":[{"href":"https:\/\/www.europesays.com\/fr\/wp-json\/wp\/v2\/posts\/422731","targetHints":{"allow":["GET"]}}],"collection":[{"href":"https:\/\/www.europesays.com\/fr\/wp-json\/wp\/v2\/posts"}],"about":[{"href":"https:\/\/www.europesays.com\/fr\/wp-json\/wp\/v2\/types\/post"}],"author":[{"embeddable":true,"href":"https:\/\/www.europesays.com\/fr\/wp-json\/wp\/v2\/users\/2"}],"replies":[{"embeddable":true,"href":"https:\/\/www.europesays.com\/fr\/wp-json\/wp\/v2\/comments?post=422731"}],"version-history":[{"count":0,"href":"https:\/\/www.europesays.com\/fr\/wp-json\/wp\/v2\/posts\/422731\/revisions"}],"wp:featuredmedia":[{"embeddable":true,"href":"https:\/\/www.europesays.com\/fr\/wp-json\/wp\/v2\/media\/422510"}],"wp:attachment":[{"href":"https:\/\/www.europesays.com\/fr\/wp-json\/wp\/v2\/media?parent=422731"}],"wp:term":[{"taxonomy":"category","embeddable":true,"href":"https:\/\/www.europesays.com\/fr\/wp-json\/wp\/v2\/categories?post=422731"},{"taxonomy":"post_tag","embeddable":true,"href":"https:\/\/www.europesays.com\/fr\/wp-json\/wp\/v2\/tags?post=422731"}],"curies":[{"name":"wp","href":"https:\/\/api.w.org\/{rel}","templated":true}]}}