{"id":422740,"date":"2025-09-28T02:15:29","date_gmt":"2025-09-28T02:15:29","guid":{"rendered":"https:\/\/www.europesays.com\/fr\/422740\/"},"modified":"2025-09-28T02:15:29","modified_gmt":"2025-09-28T02:15:29","slug":"carquefou-le-major-tournaille-a-fait-ses-adieux-a-la-gendarmerie","status":"publish","type":"post","link":"https:\/\/www.europesays.com\/fr\/422740\/","title":{"rendered":"Carquefou. Le major Tournaille a fait ses adieux \u00e0 la gendarmerie"},"content":{"rendered":"<p>Apr\u00e8s plus de quarante\u00a0ann\u00e9es pass\u00e9es au service de la gendarmerie, le major Daniel Tournaille a pris sa retraite. Entr\u00e9 en \u00e9cole de gendarmerie au d\u00e9but des ann\u00e9es 1980, il a exerc\u00e9 successivement dans plusieurs brigades de l\u2019Ouest de la France, avant de diriger la gendarmerie de Carquefou, il y a quatre\u00a0ans. Il officiait pr\u00e9c\u00e9demment \u00e0 La Chapelle-sur-Erdre. Il \u00e9tait devenu une figure famili\u00e8re des Carquefoliens, toujours pr\u00eat \u00e0 rappeler que \u00a0la s\u00e9curit\u00e9, c\u2019est d\u2019abord une affaire de proximit\u00e9\u00a0. L\u2019un de ses coll\u00e8gues, assez \u00e9mu d\u00e9clarait lors de cette soir\u00e9e organis\u00e9e mardi\u00a0: \u00ab\u00a0Collaborer avec toi a toujours \u00e9t\u00e9 un immense plaisir. Merci pour ces belles ann\u00e9es partag\u00e9es et ton engagement.\u00a0<\/p>\n<p>La maire, V\u00e9ronique Dubettier-Grenier a tenu \u00e0 lui rendre hommage et lui a remis la m\u00e9daille de la Ville. \u00a0Au-del\u00e0 du professionnel exemplaire, nous saluons un homme de dialogue, attentif \u00e0 chaque habitant et \u00e0 la vie de notre commune. Vous avez su installer une relation de confiance entre la gendarmerie et les Carquefoliens\u00a0<strong>, <\/strong>a-t-elle soulign\u00e9.<\/p>\n<p>Le major Tournaille pourra maintenant consacrer son temps \u00e0 la famille, aux sports et aux voyages\u00a0: \u00a0La fin d\u2019une belle carri\u00e8re, le d\u00e9but d\u2019une belle aventure.\u00a0<\/p>\n<p>\u00a0<\/p>\n","protected":false},"excerpt":{"rendered":"Apr\u00e8s plus de quarante\u00a0ann\u00e9es pass\u00e9es au service de la gendarmerie, le major Daniel Tournaille a pris sa retraite.&hellip;\n","protected":false},"author":2,"featured_media":422741,"comment_status":"","ping_status":"","sticky":false,"template":"","format":"standard","meta":{"footnotes":""},"categories":[2818],"tags":[1111,11,42895,3862,1777,674,21,1011,27,3381,32710,766,12,2636,25,55221],"class_list":{"0":"post-422740","1":"post","2":"type-post","3":"status-publish","4":"format-standard","5":"has-post-thumbnail","7":"category-nantes","8":"tag-actu","9":"tag-actualites","10":"tag-adieux","11":"tag-carquefou","12":"tag-eu","13":"tag-europe","14":"tag-fait","15":"tag-fr","16":"tag-france","17":"tag-gendarmerie","18":"tag-major","19":"tag-nantes","20":"tag-news","21":"tag-pays-de-la-loire","22":"tag-republique-francaise","23":"tag-tournaille"},"share_on_mastodon":{"url":"https:\/\/pubeurope.com\/@fr\/115279516400674718","error":""},"_links":{"self":[{"href":"https:\/\/www.europesays.com\/fr\/wp-json\/wp\/v2\/posts\/422740","targetHints":{"allow":["GET"]}}],"collection":[{"href":"https:\/\/www.europesays.com\/fr\/wp-json\/wp\/v2\/posts"}],"about":[{"href":"https:\/\/www.europesays.com\/fr\/wp-json\/wp\/v2\/types\/post"}],"author":[{"embeddable":true,"href":"https:\/\/www.europesays.com\/fr\/wp-json\/wp\/v2\/users\/2"}],"replies":[{"embeddable":true,"href":"https:\/\/www.europesays.com\/fr\/wp-json\/wp\/v2\/comments?post=422740"}],"version-history":[{"count":0,"href":"https:\/\/www.europesays.com\/fr\/wp-json\/wp\/v2\/posts\/422740\/revisions"}],"wp:featuredmedia":[{"embeddable":true,"href":"https:\/\/www.europesays.com\/fr\/wp-json\/wp\/v2\/media\/422741"}],"wp:attachment":[{"href":"https:\/\/www.europesays.com\/fr\/wp-json\/wp\/v2\/media?parent=422740"}],"wp:term":[{"taxonomy":"category","embeddable":true,"href":"https:\/\/www.europesays.com\/fr\/wp-json\/wp\/v2\/categories?post=422740"},{"taxonomy":"post_tag","embeddable":true,"href":"https:\/\/www.europesays.com\/fr\/wp-json\/wp\/v2\/tags?post=422740"}],"curies":[{"name":"wp","href":"https:\/\/api.w.org\/{rel}","templated":true}]}}